{"id":339,"date":"2021-05-17T19:35:00","date_gmt":"2021-05-17T19:35:00","guid":{"rendered":"https:\/\/manchacomic.es\/84ideas\/?p=339"},"modified":"2021-06-09T18:16:21","modified_gmt":"2021-06-09T18:16:21","slug":"salones-del-comic-en-espana","status":"publish","type":"post","link":"https:\/\/manchacomic.es\/84ideas\/salones-del-comic-en-espana\/","title":{"rendered":"Salones del c\u00f3mic en Espa\u00f1a"},"content":{"rendered":"\n<div style=\"height:20px\" aria-hidden=\"true\" class=\"wp-block-spacer\"><\/div>\n\n\n\n<h3 class=\"has-text-align-center wp-block-heading\"><strong><strong><strong><strong><strong><strong><strong>Salones del c\u00f3mic<\/strong><\/strong><\/strong><\/strong><\/strong><\/strong><\/strong> <strong>en Espa\u00f1a<\/strong><\/h3>\n\n\n\n<p class=\"has-text-align-center wp-block-paragraph\">Martes, 15 de junio a las 17:30 h.<\/p>\n\n\n\n<center><a target=\"_blank\" href=\"https:\/\/calendar.google.com\/event?action=TEMPLATE&amp;tmeid=NGgwMjZ1MHJ0bmxoZzZrMzJ1ZWdwM2twbmYgbnY1bWRzcms4bGxlcGl2NnRxbnNkOHU2NzBAZw&amp;tmsrc=nv5mdsrk8llepiv6tqnsd8u670%40group.calendar.google.com\" rel=\"noopener\"><img data-recalc-dims=\"1\" decoding=\"async\" border=\"0\" src=\"https:\/\/i0.wp.com\/manchacomic.es\/84ideas\/wp-content\/uploads\/2021\/05\/Google_Calendar_84_ideas.jpg?w=1200&#038;ssl=1\"><\/a><\/center>\n\n\n\n<p class=\"has-text-align-center wp-block-paragraph\"><strong>Objetivo<\/strong>:<\/p>\n\n\n\n<p class=\"has-text-align-center wp-block-paragraph\">Poner en valor la labor que desarrollan determinados Salones y Festivales en favor de la industria del c\u00f3mic y del fomento de su lectura entre el gran p\u00fablico.<\/p>\n\n\n\n<p class=\"has-text-align-center wp-block-paragraph\">Conocer experiencias que se est\u00e1n desarrollando con \u00e9xito y que pueden servir de inspiraci\u00f3n para todos\/as aquellos\/as que deseen poner en marcha iniciativas de promoci\u00f3n del c\u00f3mic en su entorno.<\/p>\n\n\n\n<p class=\"has-text-align-center wp-block-paragraph\"><strong>Ponentes:<\/strong><\/p>\n\n\n\n<div class=\"wp-block-columns is-layout-flex wp-container-core-columns-is-layout-8f761849 wp-block-columns-is-layout-flex\">\n<div class=\"wp-block-column is-layout-flow wp-block-column-is-layout-flow\">\n<div class=\"wp-block-image\"><figure class=\"aligncenter size-large\"><img data-recalc-dims=\"1\" loading=\"lazy\" decoding=\"async\" width=\"801\" height=\"942\" src=\"https:\/\/i0.wp.com\/manchacomic.es\/84ideas\/wp-content\/uploads\/2021\/05\/Pablo_lozano_84_ideas_bocadillos_01.png?resize=801%2C942&#038;ssl=1\" alt=\"\" class=\"wp-image-254\" srcset=\"https:\/\/i0.wp.com\/manchacomic.es\/84ideas\/wp-content\/uploads\/2021\/05\/Pablo_lozano_84_ideas_bocadillos_01.png?w=801&amp;ssl=1 801w, https:\/\/i0.wp.com\/manchacomic.es\/84ideas\/wp-content\/uploads\/2021\/05\/Pablo_lozano_84_ideas_bocadillos_01.png?resize=255%2C300&amp;ssl=1 255w, https:\/\/i0.wp.com\/manchacomic.es\/84ideas\/wp-content\/uploads\/2021\/05\/Pablo_lozano_84_ideas_bocadillos_01.png?resize=768%2C903&amp;ssl=1 768w\" sizes=\"auto, (max-width: 801px) 100vw, 801px\" \/><\/figure><\/div>\n\n\n\n<p class=\"has-text-align-center wp-block-paragraph\" style=\"font-size:18px\"><strong>Pablo Lozano&nbsp;<strong>Antonelli<\/strong><\/strong><\/p>\n\n\n\n<p class=\"has-text-align-center wp-block-paragraph\" style=\"font-size:15px\">Festival de C\u00f3mic Europeo de \u00dabeda<\/p>\n\n\n\n<p class=\"has-text-align-center wp-block-paragraph\" style=\"font-size:15px\"><a href=\"https:\/\/manchacomic.es\/84ideas\/pablo-lozano-antonelli\/\">+ Informaci\u00f3n<\/a><\/p>\n<\/div>\n\n\n\n<div class=\"wp-block-column is-layout-flow wp-block-column-is-layout-flow\">\n<div class=\"wp-block-image\"><figure class=\"aligncenter size-large\"><img data-recalc-dims=\"1\" loading=\"lazy\" decoding=\"async\" width=\"801\" height=\"942\" src=\"https:\/\/i0.wp.com\/manchacomic.es\/84ideas\/wp-content\/uploads\/2021\/05\/Azucena_Altarriba_84_ideas_bocadillo.png?resize=801%2C942&#038;ssl=1\" alt=\"\" class=\"wp-image-329\" srcset=\"https:\/\/i0.wp.com\/manchacomic.es\/84ideas\/wp-content\/uploads\/2021\/05\/Azucena_Altarriba_84_ideas_bocadillo.png?w=801&amp;ssl=1 801w, https:\/\/i0.wp.com\/manchacomic.es\/84ideas\/wp-content\/uploads\/2021\/05\/Azucena_Altarriba_84_ideas_bocadillo.png?resize=255%2C300&amp;ssl=1 255w, https:\/\/i0.wp.com\/manchacomic.es\/84ideas\/wp-content\/uploads\/2021\/05\/Azucena_Altarriba_84_ideas_bocadillo.png?resize=768%2C903&amp;ssl=1 768w\" sizes=\"auto, (max-width: 801px) 100vw, 801px\" \/><\/figure><\/div>\n\n\n\n<p class=\"has-text-align-center wp-block-paragraph\" style=\"font-size:18px\"><strong><strong><strong><strong><strong><strong>Azucena Altarriba Larrea<\/strong><\/strong><\/strong><\/strong><\/strong><\/strong><\/p>\n\n\n\n<p class=\"has-text-align-center wp-block-paragraph\" style=\"font-size:15px\">Sal\u00f3n del C\u00f3mic de <br> Zaragoza<\/p>\n\n\n\n<p class=\"has-text-align-center wp-block-paragraph\" style=\"font-size:15px\"><a href=\"https:\/\/manchacomic.es\/84ideas\/azucena-altarriba-larrea\/\">+ Informaci\u00f3n<\/a><\/p>\n<\/div>\n\n\n\n<div class=\"wp-block-column is-layout-flow wp-block-column-is-layout-flow\">\n<div class=\"wp-block-image\"><figure class=\"aligncenter size-large\"><img data-recalc-dims=\"1\" loading=\"lazy\" decoding=\"async\" width=\"801\" height=\"942\" src=\"https:\/\/i0.wp.com\/manchacomic.es\/84ideas\/wp-content\/uploads\/2021\/05\/Jose_Vte_Pellicer_84_ideas_bocadillos.png?resize=801%2C942&#038;ssl=1\" alt=\"\" class=\"wp-image-247\" srcset=\"https:\/\/i0.wp.com\/manchacomic.es\/84ideas\/wp-content\/uploads\/2021\/05\/Jose_Vte_Pellicer_84_ideas_bocadillos.png?w=801&amp;ssl=1 801w, https:\/\/i0.wp.com\/manchacomic.es\/84ideas\/wp-content\/uploads\/2021\/05\/Jose_Vte_Pellicer_84_ideas_bocadillos.png?resize=255%2C300&amp;ssl=1 255w, https:\/\/i0.wp.com\/manchacomic.es\/84ideas\/wp-content\/uploads\/2021\/05\/Jose_Vte_Pellicer_84_ideas_bocadillos.png?resize=768%2C903&amp;ssl=1 768w\" sizes=\"auto, (max-width: 801px) 100vw, 801px\" \/><\/figure><\/div>\n\n\n\n<p class=\"has-text-align-center wp-block-paragraph\" style=\"font-size:18px\"><strong>Jos\u00e9 Vte. Pellicer<\/strong><\/p>\n\n\n\n<p class=\"has-text-align-center wp-block-paragraph\" style=\"font-size:15px\">Jornadas de C\u00f3mic de <br>Valencia<\/p>\n\n\n\n<p class=\"has-text-align-center wp-block-paragraph\" style=\"font-size:15px\"><a href=\"https:\/\/manchacomic.es\/84ideas\/jose-vte-pellicer\/\">+ Informaci\u00f3n<\/a><\/p>\n<\/div>\n\n\n\n<div class=\"wp-block-column is-layout-flow wp-block-column-is-layout-flow\">\n<div class=\"wp-block-image\"><figure class=\"aligncenter size-large\"><img data-recalc-dims=\"1\" loading=\"lazy\" decoding=\"async\" width=\"801\" height=\"942\" src=\"https:\/\/i0.wp.com\/manchacomic.es\/84ideas\/wp-content\/uploads\/2021\/05\/Jorge_ivan_algir_84_ideas_bocadillo_2021.png?resize=801%2C942&#038;ssl=1\" alt=\"\" class=\"wp-image-401\" srcset=\"https:\/\/i0.wp.com\/manchacomic.es\/84ideas\/wp-content\/uploads\/2021\/05\/Jorge_ivan_algir_84_ideas_bocadillo_2021.png?w=801&amp;ssl=1 801w, https:\/\/i0.wp.com\/manchacomic.es\/84ideas\/wp-content\/uploads\/2021\/05\/Jorge_ivan_algir_84_ideas_bocadillo_2021.png?resize=255%2C300&amp;ssl=1 255w, https:\/\/i0.wp.com\/manchacomic.es\/84ideas\/wp-content\/uploads\/2021\/05\/Jorge_ivan_algir_84_ideas_bocadillo_2021.png?resize=768%2C903&amp;ssl=1 768w\" sizes=\"auto, (max-width: 801px) 100vw, 801px\" \/><\/figure><\/div>\n\n\n\n<p class=\"has-text-align-center wp-block-paragraph\" style=\"font-size:18px\"><strong><strong>Jorge Argiz Reboiro<\/strong><\/strong><\/p>\n\n\n\n<p class=\"has-text-align-center wp-block-paragraph\" style=\"font-size:15px\">Jornadas Internacionales del C\u00f3mic Villa de Avil\u00e9s<\/p>\n\n\n\n<p class=\"has-text-align-center wp-block-paragraph\" style=\"font-size:15px\"><a href=\"https:\/\/manchacomic.es\/84ideas\/jorge-argiz-reboiro\/\">+ Informaci\u00f3n<\/a><\/p>\n<\/div>\n<\/div>\n\n\n\n<p class=\"wp-block-paragraph\"><\/p>\n","protected":false},"excerpt":{"rendered":"<p>Salones del c\u00f3mic en Espa\u00f1a Martes, 15 de junio a las 17:30 h. Objetivo: Poner en valor la labor que desarrollan determinados Salones y Festivales en favor de la industria del c\u00f3mic y del fomento de su lectura entre el gran p\u00fablico. Conocer experiencias que se est\u00e1n desarrollando con \u00e9xito y que pueden servir de &#8230; <a title=\"Salones del c\u00f3mic en Espa\u00f1a\" class=\"read-more\" href=\"https:\/\/manchacomic.es\/84ideas\/salones-del-comic-en-espana\/\" aria-label=\"Leer m\u00e1s sobre Salones del c\u00f3mic en Espa\u00f1a\">Leer m\u00e1s<\/a><\/p>\n","protected":false},"author":1,"featured_media":493,"comment_status":"closed","ping_status":"closed","sticky":false,"template":"","format":"standard","meta":{"om_disable_all_campaigns":false,"_uag_custom_page_level_css":"","_monsterinsights_skip_tracking":false,"_uf_show_specific_survey":0,"_uf_disable_surveys":false,"_jetpack_newsletter_access":"","_jetpack_dont_email_post_to_subs":false,"_jetpack_newsletter_tier_id":0,"_jetpack_memberships_contains_paywalled_content":false,"_jetpack_feature_clip_id":0,"_jetpack_memberships_contains_paid_content":false,"footnotes":"","jetpack_post_was_ever_published":false},"categories":[3],"tags":[],"class_list":["post-339","post","type-post","status-publish","format-standard","has-post-thumbnail","hentry","category-agenda"],"yoast_head":"<!-- This site is optimized with the Yoast SEO plugin v28.3 - https:\/\/yoast.com\/product\/yoast-seo-wordpress\/ -->\n<title>Salones del c\u00f3mic en Espa\u00f1a - 84 Ideas<\/title>\n<meta name=\"description\" content=\"No te pierdas la mesa &quot;Salones del c\u00f3mic en Espa\u00f1a&quot; El martes 15 de junio a las 17:30 en la plataforma Zoom.\" \/>\n<meta name=\"robots\" content=\"index, follow, max-snippet:-1, max-image-preview:large, max-video-preview:-1\" \/>\n<link rel=\"canonical\" href=\"https:\/\/manchacomic.es\/84ideas\/salones-del-comic-en-espana\/\" \/>\n<meta property=\"og:locale\" content=\"es_ES\" \/>\n<meta property=\"og:type\" content=\"article\" \/>\n<meta property=\"og:title\" content=\"Salones del c\u00f3mic en Espa\u00f1a - 84 Ideas\" \/>\n<meta property=\"og:description\" content=\"No te pierdas la mesa &quot;Salones del c\u00f3mic en Espa\u00f1a&quot; El martes 15 de junio a las 17:30 en la plataforma Zoom.\" \/>\n<meta property=\"og:url\" content=\"https:\/\/manchacomic.es\/84ideas\/salones-del-comic-en-espana\/\" \/>\n<meta property=\"og:site_name\" content=\"84 Ideas\" \/>\n<meta property=\"article:published_time\" content=\"2021-05-17T19:35:00+00:00\" \/>\n<meta property=\"article:modified_time\" content=\"2021-06-09T18:16:21+00:00\" \/>\n<meta property=\"og:image\" content=\"https:\/\/manchacomic.es\/84ideas\/wp-content\/uploads\/2021\/05\/Salones_comic_Espana_84_ideas_21_01-scaled.jpg\" \/>\n\t<meta property=\"og:image:width\" content=\"2560\" \/>\n\t<meta property=\"og:image:height\" content=\"1320\" \/>\n\t<meta property=\"og:image:type\" content=\"image\/jpeg\" \/>\n<meta name=\"author\" content=\"admin\" \/>\n<meta name=\"twitter:card\" content=\"summary_large_image\" \/>\n<meta name=\"twitter:image\" content=\"https:\/\/i0.wp.com\/manchacomic.es\/84ideas\/wp-content\/uploads\/2021\/05\/Salones_comic_Espana_84_ideas_21_01-scaled.jpg?fit=2560%2C1320&ssl=1\" \/>\n<meta name=\"twitter:label1\" content=\"Escrito por\" \/>\n\t<meta name=\"twitter:data1\" content=\"\" \/>\n\t<meta name=\"twitter:label2\" content=\"Tiempo de lectura\" \/>\n\t<meta name=\"twitter:data2\" content=\"2 minutos\" \/>\n<script type=\"application\/ld+json\" class=\"yoast-schema-graph\">{\"@context\":\"https:\\\/\\\/schema.org\",\"@graph\":[{\"@type\":\"Article\",\"@id\":\"https:\\\/\\\/manchacomic.es\\\/84ideas\\\/salones-del-comic-en-espana\\\/#article\",\"isPartOf\":{\"@id\":\"https:\\\/\\\/manchacomic.es\\\/84ideas\\\/salones-del-comic-en-espana\\\/\"},\"author\":{\"name\":\"admin\",\"@id\":\"https:\\\/\\\/manchacomic.es\\\/84ideas\\\/#\\\/schema\\\/person\\\/69820c7e731ce912c012c2a474b1578e\"},\"headline\":\"Salones del c\u00f3mic en Espa\u00f1a\",\"datePublished\":\"2021-05-17T19:35:00+00:00\",\"dateModified\":\"2021-06-09T18:16:21+00:00\",\"mainEntityOfPage\":{\"@id\":\"https:\\\/\\\/manchacomic.es\\\/84ideas\\\/salones-del-comic-en-espana\\\/\"},\"wordCount\":138,\"publisher\":{\"@id\":\"https:\\\/\\\/manchacomic.es\\\/84ideas\\\/#organization\"},\"image\":{\"@id\":\"https:\\\/\\\/manchacomic.es\\\/84ideas\\\/salones-del-comic-en-espana\\\/#primaryimage\"},\"thumbnailUrl\":\"https:\\\/\\\/i0.wp.com\\\/manchacomic.es\\\/84ideas\\\/wp-content\\\/uploads\\\/2021\\\/05\\\/Salones_comic_Espana_84_ideas_21_01-scaled.jpg?fit=2560%2C1320&ssl=1\",\"articleSection\":[\"Agenda\"],\"inLanguage\":\"es\"},{\"@type\":\"WebPage\",\"@id\":\"https:\\\/\\\/manchacomic.es\\\/84ideas\\\/salones-del-comic-en-espana\\\/\",\"url\":\"https:\\\/\\\/manchacomic.es\\\/84ideas\\\/salones-del-comic-en-espana\\\/\",\"name\":\"Salones del c\u00f3mic en Espa\u00f1a - 84 Ideas\",\"isPartOf\":{\"@id\":\"https:\\\/\\\/manchacomic.es\\\/84ideas\\\/#website\"},\"primaryImageOfPage\":{\"@id\":\"https:\\\/\\\/manchacomic.es\\\/84ideas\\\/salones-del-comic-en-espana\\\/#primaryimage\"},\"image\":{\"@id\":\"https:\\\/\\\/manchacomic.es\\\/84ideas\\\/salones-del-comic-en-espana\\\/#primaryimage\"},\"thumbnailUrl\":\"https:\\\/\\\/i0.wp.com\\\/manchacomic.es\\\/84ideas\\\/wp-content\\\/uploads\\\/2021\\\/05\\\/Salones_comic_Espana_84_ideas_21_01-scaled.jpg?fit=2560%2C1320&ssl=1\",\"datePublished\":\"2021-05-17T19:35:00+00:00\",\"dateModified\":\"2021-06-09T18:16:21+00:00\",\"description\":\"No te pierdas la mesa \\\"Salones del c\u00f3mic en Espa\u00f1a\\\" El martes 15 de junio a las 17:30 en la plataforma Zoom.\",\"breadcrumb\":{\"@id\":\"https:\\\/\\\/manchacomic.es\\\/84ideas\\\/salones-del-comic-en-espana\\\/#breadcrumb\"},\"inLanguage\":\"es\",\"potentialAction\":[{\"@type\":\"ReadAction\",\"target\":[\"https:\\\/\\\/manchacomic.es\\\/84ideas\\\/salones-del-comic-en-espana\\\/\"]}]},{\"@type\":\"ImageObject\",\"inLanguage\":\"es\",\"@id\":\"https:\\\/\\\/manchacomic.es\\\/84ideas\\\/salones-del-comic-en-espana\\\/#primaryimage\",\"url\":\"https:\\\/\\\/i0.wp.com\\\/manchacomic.es\\\/84ideas\\\/wp-content\\\/uploads\\\/2021\\\/05\\\/Salones_comic_Espana_84_ideas_21_01-scaled.jpg?fit=2560%2C1320&ssl=1\",\"contentUrl\":\"https:\\\/\\\/i0.wp.com\\\/manchacomic.es\\\/84ideas\\\/wp-content\\\/uploads\\\/2021\\\/05\\\/Salones_comic_Espana_84_ideas_21_01-scaled.jpg?fit=2560%2C1320&ssl=1\",\"width\":2560,\"height\":1320},{\"@type\":\"BreadcrumbList\",\"@id\":\"https:\\\/\\\/manchacomic.es\\\/84ideas\\\/salones-del-comic-en-espana\\\/#breadcrumb\",\"itemListElement\":[{\"@type\":\"ListItem\",\"position\":1,\"name\":\"Home\",\"item\":\"https:\\\/\\\/manchacomic.es\\\/84ideas\\\/\"},{\"@type\":\"ListItem\",\"position\":2,\"name\":\"Salones del c\u00f3mic en Espa\u00f1a\"}]},{\"@type\":\"WebSite\",\"@id\":\"https:\\\/\\\/manchacomic.es\\\/84ideas\\\/#website\",\"url\":\"https:\\\/\\\/manchacomic.es\\\/84ideas\\\/\",\"name\":\"84 Ideas\",\"description\":\"\",\"publisher\":{\"@id\":\"https:\\\/\\\/manchacomic.es\\\/84ideas\\\/#organization\"},\"potentialAction\":[{\"@type\":\"SearchAction\",\"target\":{\"@type\":\"EntryPoint\",\"urlTemplate\":\"https:\\\/\\\/manchacomic.es\\\/84ideas\\\/?s={search_term_string}\"},\"query-input\":{\"@type\":\"PropertyValueSpecification\",\"valueRequired\":true,\"valueName\":\"search_term_string\"}}],\"inLanguage\":\"es\"},{\"@type\":\"Organization\",\"@id\":\"https:\\\/\\\/manchacomic.es\\\/84ideas\\\/#organization\",\"name\":\"84 Ideas\",\"url\":\"https:\\\/\\\/manchacomic.es\\\/84ideas\\\/\",\"logo\":{\"@type\":\"ImageObject\",\"inLanguage\":\"es\",\"@id\":\"https:\\\/\\\/manchacomic.es\\\/84ideas\\\/#\\\/schema\\\/logo\\\/image\\\/\",\"url\":\"https:\\\/\\\/i0.wp.com\\\/manchacomic.es\\\/84ideas\\\/wp-content\\\/uploads\\\/2021\\\/04\\\/84_ideas_logo_version_A_png.png?fit=1818%2C484&ssl=1\",\"contentUrl\":\"https:\\\/\\\/i0.wp.com\\\/manchacomic.es\\\/84ideas\\\/wp-content\\\/uploads\\\/2021\\\/04\\\/84_ideas_logo_version_A_png.png?fit=1818%2C484&ssl=1\",\"width\":1818,\"height\":484,\"caption\":\"84 Ideas\"},\"image\":{\"@id\":\"https:\\\/\\\/manchacomic.es\\\/84ideas\\\/#\\\/schema\\\/logo\\\/image\\\/\"}},{\"@type\":\"Person\",\"@id\":\"https:\\\/\\\/manchacomic.es\\\/84ideas\\\/#\\\/schema\\\/person\\\/69820c7e731ce912c012c2a474b1578e\",\"name\":\"admin\",\"image\":{\"@type\":\"ImageObject\",\"inLanguage\":\"es\",\"@id\":\"https:\\\/\\\/secure.gravatar.com\\\/avatar\\\/09621751bd89c529615d319338460143e461ea9d149b365cdb222d1b07dad968?s=96&d=mm&r=g\",\"url\":\"https:\\\/\\\/secure.gravatar.com\\\/avatar\\\/09621751bd89c529615d319338460143e461ea9d149b365cdb222d1b07dad968?s=96&d=mm&r=g\",\"contentUrl\":\"https:\\\/\\\/secure.gravatar.com\\\/avatar\\\/09621751bd89c529615d319338460143e461ea9d149b365cdb222d1b07dad968?s=96&d=mm&r=g\",\"caption\":\"admin\"},\"sameAs\":[\"https:\\\/\\\/manchacomic.es\\\/84ideas\"],\"url\":\"https:\\\/\\\/manchacomic.es\\\/84ideas\\\/author\\\/otxentaykuatro\\\/\"}]}<\/script>\n<!-- \/ Yoast SEO plugin. -->","yoast_head_json":{"title":"Salones del c\u00f3mic en Espa\u00f1a - 84 Ideas","description":"No te pierdas la mesa \"Salones del c\u00f3mic en Espa\u00f1a\" El martes 15 de junio a las 17:30 en la plataforma Zoom.","robots":{"index":"index","follow":"follow","max-snippet":"max-snippet:-1","max-image-preview":"max-image-preview:large","max-video-preview":"max-video-preview:-1"},"canonical":"https:\/\/manchacomic.es\/84ideas\/salones-del-comic-en-espana\/","og_locale":"es_ES","og_type":"article","og_title":"Salones del c\u00f3mic en Espa\u00f1a - 84 Ideas","og_description":"No te pierdas la mesa \"Salones del c\u00f3mic en Espa\u00f1a\" El martes 15 de junio a las 17:30 en la plataforma Zoom.","og_url":"https:\/\/manchacomic.es\/84ideas\/salones-del-comic-en-espana\/","og_site_name":"84 Ideas","article_published_time":"2021-05-17T19:35:00+00:00","article_modified_time":"2021-06-09T18:16:21+00:00","og_image":[{"width":2560,"height":1320,"url":"https:\/\/manchacomic.es\/84ideas\/wp-content\/uploads\/2021\/05\/Salones_comic_Espana_84_ideas_21_01-scaled.jpg","type":"image\/jpeg"}],"author":"admin","twitter_card":"summary_large_image","twitter_image":"https:\/\/i0.wp.com\/manchacomic.es\/84ideas\/wp-content\/uploads\/2021\/05\/Salones_comic_Espana_84_ideas_21_01-scaled.jpg?fit=2560%2C1320&ssl=1","twitter_misc":{"Escrito por":false,"Tiempo de lectura":"2 minutos"},"schema":{"@context":"https:\/\/schema.org","@graph":[{"@type":"Article","@id":"https:\/\/manchacomic.es\/84ideas\/salones-del-comic-en-espana\/#article","isPartOf":{"@id":"https:\/\/manchacomic.es\/84ideas\/salones-del-comic-en-espana\/"},"author":{"name":"admin","@id":"https:\/\/manchacomic.es\/84ideas\/#\/schema\/person\/69820c7e731ce912c012c2a474b1578e"},"headline":"Salones del c\u00f3mic en Espa\u00f1a","datePublished":"2021-05-17T19:35:00+00:00","dateModified":"2021-06-09T18:16:21+00:00","mainEntityOfPage":{"@id":"https:\/\/manchacomic.es\/84ideas\/salones-del-comic-en-espana\/"},"wordCount":138,"publisher":{"@id":"https:\/\/manchacomic.es\/84ideas\/#organization"},"image":{"@id":"https:\/\/manchacomic.es\/84ideas\/salones-del-comic-en-espana\/#primaryimage"},"thumbnailUrl":"https:\/\/i0.wp.com\/manchacomic.es\/84ideas\/wp-content\/uploads\/2021\/05\/Salones_comic_Espana_84_ideas_21_01-scaled.jpg?fit=2560%2C1320&ssl=1","articleSection":["Agenda"],"inLanguage":"es"},{"@type":"WebPage","@id":"https:\/\/manchacomic.es\/84ideas\/salones-del-comic-en-espana\/","url":"https:\/\/manchacomic.es\/84ideas\/salones-del-comic-en-espana\/","name":"Salones del c\u00f3mic en Espa\u00f1a - 84 Ideas","isPartOf":{"@id":"https:\/\/manchacomic.es\/84ideas\/#website"},"primaryImageOfPage":{"@id":"https:\/\/manchacomic.es\/84ideas\/salones-del-comic-en-espana\/#primaryimage"},"image":{"@id":"https:\/\/manchacomic.es\/84ideas\/salones-del-comic-en-espana\/#primaryimage"},"thumbnailUrl":"https:\/\/i0.wp.com\/manchacomic.es\/84ideas\/wp-content\/uploads\/2021\/05\/Salones_comic_Espana_84_ideas_21_01-scaled.jpg?fit=2560%2C1320&ssl=1","datePublished":"2021-05-17T19:35:00+00:00","dateModified":"2021-06-09T18:16:21+00:00","description":"No te pierdas la mesa \"Salones del c\u00f3mic en Espa\u00f1a\" El martes 15 de junio a las 17:30 en la plataforma Zoom.","breadcrumb":{"@id":"https:\/\/manchacomic.es\/84ideas\/salones-del-comic-en-espana\/#breadcrumb"},"inLanguage":"es","potentialAction":[{"@type":"ReadAction","target":["https:\/\/manchacomic.es\/84ideas\/salones-del-comic-en-espana\/"]}]},{"@type":"ImageObject","inLanguage":"es","@id":"https:\/\/manchacomic.es\/84ideas\/salones-del-comic-en-espana\/#primaryimage","url":"https:\/\/i0.wp.com\/manchacomic.es\/84ideas\/wp-content\/uploads\/2021\/05\/Salones_comic_Espana_84_ideas_21_01-scaled.jpg?fit=2560%2C1320&ssl=1","contentUrl":"https:\/\/i0.wp.com\/manchacomic.es\/84ideas\/wp-content\/uploads\/2021\/05\/Salones_comic_Espana_84_ideas_21_01-scaled.jpg?fit=2560%2C1320&ssl=1","width":2560,"height":1320},{"@type":"BreadcrumbList","@id":"https:\/\/manchacomic.es\/84ideas\/salones-del-comic-en-espana\/#breadcrumb","itemListElement":[{"@type":"ListItem","position":1,"name":"Home","item":"https:\/\/manchacomic.es\/84ideas\/"},{"@type":"ListItem","position":2,"name":"Salones del c\u00f3mic en Espa\u00f1a"}]},{"@type":"WebSite","@id":"https:\/\/manchacomic.es\/84ideas\/#website","url":"https:\/\/manchacomic.es\/84ideas\/","name":"84 Ideas","description":"","publisher":{"@id":"https:\/\/manchacomic.es\/84ideas\/#organization"},"potentialAction":[{"@type":"SearchAction","target":{"@type":"EntryPoint","urlTemplate":"https:\/\/manchacomic.es\/84ideas\/?s={search_term_string}"},"query-input":{"@type":"PropertyValueSpecification","valueRequired":true,"valueName":"search_term_string"}}],"inLanguage":"es"},{"@type":"Organization","@id":"https:\/\/manchacomic.es\/84ideas\/#organization","name":"84 Ideas","url":"https:\/\/manchacomic.es\/84ideas\/","logo":{"@type":"ImageObject","inLanguage":"es","@id":"https:\/\/manchacomic.es\/84ideas\/#\/schema\/logo\/image\/","url":"https:\/\/i0.wp.com\/manchacomic.es\/84ideas\/wp-content\/uploads\/2021\/04\/84_ideas_logo_version_A_png.png?fit=1818%2C484&ssl=1","contentUrl":"https:\/\/i0.wp.com\/manchacomic.es\/84ideas\/wp-content\/uploads\/2021\/04\/84_ideas_logo_version_A_png.png?fit=1818%2C484&ssl=1","width":1818,"height":484,"caption":"84 Ideas"},"image":{"@id":"https:\/\/manchacomic.es\/84ideas\/#\/schema\/logo\/image\/"}},{"@type":"Person","@id":"https:\/\/manchacomic.es\/84ideas\/#\/schema\/person\/69820c7e731ce912c012c2a474b1578e","name":"admin","image":{"@type":"ImageObject","inLanguage":"es","@id":"https:\/\/secure.gravatar.com\/avatar\/09621751bd89c529615d319338460143e461ea9d149b365cdb222d1b07dad968?s=96&d=mm&r=g","url":"https:\/\/secure.gravatar.com\/avatar\/09621751bd89c529615d319338460143e461ea9d149b365cdb222d1b07dad968?s=96&d=mm&r=g","contentUrl":"https:\/\/secure.gravatar.com\/avatar\/09621751bd89c529615d319338460143e461ea9d149b365cdb222d1b07dad968?s=96&d=mm&r=g","caption":"admin"},"sameAs":["https:\/\/manchacomic.es\/84ideas"],"url":"https:\/\/manchacomic.es\/84ideas\/author\/otxentaykuatro\/"}]}},"uagb_featured_image_src":{"full":["https:\/\/i0.wp.com\/manchacomic.es\/84ideas\/wp-content\/uploads\/2021\/05\/Salones_comic_Espana_84_ideas_21_01-scaled.jpg?fit=2560%2C1320&ssl=1",2560,1320,false],"thumbnail":["https:\/\/i0.wp.com\/manchacomic.es\/84ideas\/wp-content\/uploads\/2021\/05\/Salones_comic_Espana_84_ideas_21_01-scaled.jpg?resize=150%2C150&ssl=1",150,150,true],"medium":["https:\/\/i0.wp.com\/manchacomic.es\/84ideas\/wp-content\/uploads\/2021\/05\/Salones_comic_Espana_84_ideas_21_01-scaled.jpg?fit=300%2C155&ssl=1",300,155,true],"medium_large":["https:\/\/i0.wp.com\/manchacomic.es\/84ideas\/wp-content\/uploads\/2021\/05\/Salones_comic_Espana_84_ideas_21_01-scaled.jpg?fit=768%2C396&ssl=1",768,396,true],"large":["https:\/\/i0.wp.com\/manchacomic.es\/84ideas\/wp-content\/uploads\/2021\/05\/Salones_comic_Espana_84_ideas_21_01-scaled.jpg?fit=1024%2C528&ssl=1",1024,528,true],"1536x1536":["https:\/\/i0.wp.com\/manchacomic.es\/84ideas\/wp-content\/uploads\/2021\/05\/Salones_comic_Espana_84_ideas_21_01-scaled.jpg?fit=1536%2C792&ssl=1",1536,792,true],"2048x2048":["https:\/\/i0.wp.com\/manchacomic.es\/84ideas\/wp-content\/uploads\/2021\/05\/Salones_comic_Espana_84_ideas_21_01-scaled.jpg?fit=2048%2C1056&ssl=1",2048,1056,true]},"uagb_author_info":{"display_name":false,"author_link":"https:\/\/manchacomic.es\/84ideas\/author\/otxentaykuatro\/"},"uagb_comment_info":0,"uagb_excerpt":"Salones del c\u00f3mic en Espa\u00f1a Martes, 15 de junio a las 17:30 h. Objetivo: Poner en valor la labor que desarrollan determinados Salones y Festivales en favor de la industria del c\u00f3mic y del fomento de su lectura entre el gran p\u00fablico. Conocer experiencias que se est\u00e1n desarrollando con \u00e9xito y que pueden servir de&hellip;","jetpack_sharing_enabled":false,"jetpack_featured_media_url":"https:\/\/i0.wp.com\/manchacomic.es\/84ideas\/wp-content\/uploads\/2021\/05\/Salones_comic_Espana_84_ideas_21_01-scaled.jpg?fit=2560%2C1320&ssl=1","_links":{"self":[{"href":"https:\/\/manchacomic.es\/84ideas\/wp-json\/wp\/v2\/posts\/339","targetHints":{"allow":["GET"]}}],"collection":[{"href":"https:\/\/manchacomic.es\/84ideas\/wp-json\/wp\/v2\/posts"}],"about":[{"href":"https:\/\/manchacomic.es\/84ideas\/wp-json\/wp\/v2\/types\/post"}],"author":[{"embeddable":true,"href":"https:\/\/manchacomic.es\/84ideas\/wp-json\/wp\/v2\/users\/1"}],"replies":[{"embeddable":true,"href":"https:\/\/manchacomic.es\/84ideas\/wp-json\/wp\/v2\/comments?post=339"}],"version-history":[{"count":0,"href":"https:\/\/manchacomic.es\/84ideas\/wp-json\/wp\/v2\/posts\/339\/revisions"}],"wp:featuredmedia":[{"embeddable":true,"href":"https:\/\/manchacomic.es\/84ideas\/wp-json\/wp\/v2\/media\/493"}],"wp:attachment":[{"href":"https:\/\/manchacomic.es\/84ideas\/wp-json\/wp\/v2\/media?parent=339"}],"wp:term":[{"taxonomy":"category","embeddable":true,"href":"https:\/\/manchacomic.es\/84ideas\/wp-json\/wp\/v2\/categories?post=339"},{"taxonomy":"post_tag","embeddable":true,"href":"https:\/\/manchacomic.es\/84ideas\/wp-json\/wp\/v2\/tags?post=339"}],"curies":[{"name":"wp","href":"https:\/\/api.w.org\/{rel}","templated":true}]}}