{"id":292,"date":"2021-05-18T10:41:33","date_gmt":"2021-05-18T10:41:33","guid":{"rendered":"https:\/\/manchacomic.es\/84ideas\/?p=292"},"modified":"2021-06-09T18:20:22","modified_gmt":"2021-06-09T18:20:22","slug":"el-comic-en-los-medios-de-comunicacion","status":"publish","type":"post","link":"https:\/\/manchacomic.es\/84ideas\/el-comic-en-los-medios-de-comunicacion\/","title":{"rendered":"El c\u00f3mic en los medios de comunicaci\u00f3n"},"content":{"rendered":"\n<div style=\"height:20px\" aria-hidden=\"true\" class=\"wp-block-spacer\"><\/div>\n\n\n\n<h3 class=\"has-text-align-center wp-block-heading\"><strong><strong><strong><strong><strong>El c\u00f3mic en los medios de comunicaci\u00f3n<\/strong><\/strong><\/strong><\/strong><\/strong><\/h3>\n\n\n\n<p class=\"has-text-align-center wp-block-paragraph\">Lunes, 21 de junio a las 17:30 h.<\/p>\n\n\n\n<center><a target=\"_blank\" href=\"https:\/\/calendar.google.com\/event?action=TEMPLATE&amp;tmeid=MWMwYzZwcWxwajluaDltY3FjY2QzY2dsczIgbnY1bWRzcms4bGxlcGl2NnRxbnNkOHU2NzBAZw&amp;tmsrc=nv5mdsrk8llepiv6tqnsd8u670%40group.calendar.google.com\" rel=\"noopener\"><img data-recalc-dims=\"1\" decoding=\"async\" border=\"0\" src=\"https:\/\/i0.wp.com\/manchacomic.es\/84ideas\/wp-content\/uploads\/2021\/05\/Google_Calendar_84_ideas.jpg?w=1200&#038;ssl=1\"><\/a><\/center>\n\n\n\n<p class=\"has-text-align-center wp-block-paragraph\"><strong>Objetivo<\/strong>:<\/p>\n\n\n\n<p class=\"has-text-align-center wp-block-paragraph\">Reflexionar sobre las siguientes preguntas.<\/p>\n\n\n\n<p class=\"has-text-align-center wp-block-paragraph\">\u00bfAparece el noveno arte suficientemente en los medios de comunicaci\u00f3n culturales? \u00bfy en los generalistas?<\/p>\n\n\n\n<p class=\"has-text-align-center wp-block-paragraph\">\u00bfQu\u00e9 importancia tiene la aparici\u00f3n de los comics en los medios de comunicaci\u00f3n de cara a su promoci\u00f3n?<\/p>\n\n\n\n<p class=\"has-text-align-center wp-block-paragraph\">Comparemos la importancia de la aparici\u00f3n en los medios \u201cconvencionales\u201d con las RRSS.<\/p>\n\n\n\n<p class=\"has-text-align-center wp-block-paragraph\"><strong>Ponentes:<\/strong><\/p>\n\n\n\n<div class=\"wp-block-columns is-layout-flex wp-container-core-columns-is-layout-8f761849 wp-block-columns-is-layout-flex\">\n<div class=\"wp-block-column is-layout-flow wp-block-column-is-layout-flow\">\n<div class=\"wp-block-image\"><figure class=\"aligncenter size-large\"><img data-recalc-dims=\"1\" loading=\"lazy\" decoding=\"async\" width=\"801\" height=\"942\" src=\"https:\/\/i0.wp.com\/manchacomic.es\/84ideas\/wp-content\/uploads\/2021\/05\/Javier_alonso_84_ideas_bocadillo.png?resize=801%2C942&#038;ssl=1\" alt=\"\" class=\"wp-image-76\" srcset=\"https:\/\/i0.wp.com\/manchacomic.es\/84ideas\/wp-content\/uploads\/2021\/05\/Javier_alonso_84_ideas_bocadillo.png?w=801&amp;ssl=1 801w, https:\/\/i0.wp.com\/manchacomic.es\/84ideas\/wp-content\/uploads\/2021\/05\/Javier_alonso_84_ideas_bocadillo.png?resize=255%2C300&amp;ssl=1 255w, https:\/\/i0.wp.com\/manchacomic.es\/84ideas\/wp-content\/uploads\/2021\/05\/Javier_alonso_84_ideas_bocadillo.png?resize=768%2C903&amp;ssl=1 768w\" sizes=\"auto, (max-width: 801px) 100vw, 801px\" \/><\/figure><\/div>\n\n\n\n<p class=\"has-text-align-center wp-block-paragraph\" style=\"font-size:18px\"><strong>Javier Alonso<\/strong><\/p>\n\n\n\n<p class=\"has-text-align-center wp-block-paragraph\" style=\"font-size:15px\">Periodista<br><br><a href=\"https:\/\/manchacomic.es\/84ideas\/javier-alonso\/\">+ Informaci\u00f3n<\/a><\/p>\n<\/div>\n\n\n\n<div class=\"wp-block-column is-layout-flow wp-block-column-is-layout-flow\">\n<div class=\"wp-block-image\"><figure class=\"aligncenter size-large\"><img data-recalc-dims=\"1\" loading=\"lazy\" decoding=\"async\" width=\"801\" height=\"942\" src=\"https:\/\/i0.wp.com\/manchacomic.es\/84ideas\/wp-content\/uploads\/2021\/05\/Jesus_jimenez_84_ideas_bocadillo.png?resize=801%2C942&#038;ssl=1\" alt=\"\" class=\"wp-image-89\" srcset=\"https:\/\/i0.wp.com\/manchacomic.es\/84ideas\/wp-content\/uploads\/2021\/05\/Jesus_jimenez_84_ideas_bocadillo.png?w=801&amp;ssl=1 801w, https:\/\/i0.wp.com\/manchacomic.es\/84ideas\/wp-content\/uploads\/2021\/05\/Jesus_jimenez_84_ideas_bocadillo.png?resize=255%2C300&amp;ssl=1 255w, https:\/\/i0.wp.com\/manchacomic.es\/84ideas\/wp-content\/uploads\/2021\/05\/Jesus_jimenez_84_ideas_bocadillo.png?resize=768%2C903&amp;ssl=1 768w\" sizes=\"auto, (max-width: 801px) 100vw, 801px\" \/><\/figure><\/div>\n\n\n\n<p class=\"has-text-align-center wp-block-paragraph\" style=\"font-size:18px\"><strong><strong><strong><strong>Jes\u00fas Jim\u00e9nez Rodr\u00edguez<\/strong><\/strong><\/strong><\/strong><\/p>\n\n\n\n<p class=\"has-text-align-center wp-block-paragraph\" style=\"font-size:15px\">Periodista<\/p>\n\n\n\n<p class=\"has-text-align-center wp-block-paragraph\" style=\"font-size:15px\"><a href=\"https:\/\/manchacomic.es\/84ideas\/jesus-jimenez-rodriguez\/\">+ Informaci\u00f3n<\/a><\/p>\n<\/div>\n\n\n\n<div class=\"wp-block-column is-layout-flow wp-block-column-is-layout-flow\">\n<div class=\"wp-block-image\"><figure class=\"aligncenter size-large\"><img data-recalc-dims=\"1\" loading=\"lazy\" decoding=\"async\" width=\"801\" height=\"942\" src=\"https:\/\/i0.wp.com\/manchacomic.es\/84ideas\/wp-content\/uploads\/2021\/05\/Javier_maquina_84_ideas_bocadillo.png?resize=801%2C942&#038;ssl=1\" alt=\"\" class=\"wp-image-151\" srcset=\"https:\/\/i0.wp.com\/manchacomic.es\/84ideas\/wp-content\/uploads\/2021\/05\/Javier_maquina_84_ideas_bocadillo.png?w=801&amp;ssl=1 801w, https:\/\/i0.wp.com\/manchacomic.es\/84ideas\/wp-content\/uploads\/2021\/05\/Javier_maquina_84_ideas_bocadillo.png?resize=255%2C300&amp;ssl=1 255w, https:\/\/i0.wp.com\/manchacomic.es\/84ideas\/wp-content\/uploads\/2021\/05\/Javier_maquina_84_ideas_bocadillo.png?resize=768%2C903&amp;ssl=1 768w\" sizes=\"auto, (max-width: 801px) 100vw, 801px\" \/><\/figure><\/div>\n\n\n\n<p class=\"has-text-align-center wp-block-paragraph\"><strong><strong><strong>Javier Marquina<\/strong><\/strong><\/strong><\/p>\n\n\n\n<p class=\"has-text-align-center wp-block-paragraph\" style=\"font-size:15px\">Guionista<\/p>\n\n\n\n<p class=\"has-text-align-center wp-block-paragraph\" style=\"font-size:15px\"><a href=\"https:\/\/manchacomic.es\/84ideas\/javier-marquina\/\">+informaci\u00f3n<\/a><\/p>\n<\/div>\n<\/div>\n\n\n\n<p class=\"wp-block-paragraph\"><\/p>\n","protected":false},"excerpt":{"rendered":"<p>El c\u00f3mic en los medios de comunicaci\u00f3n Lunes, 21 de junio a las 17:30 h. Objetivo: Reflexionar sobre las siguientes preguntas. \u00bfAparece el noveno arte suficientemente en los medios de comunicaci\u00f3n culturales? \u00bfy en los generalistas? \u00bfQu\u00e9 importancia tiene la aparici\u00f3n de los comics en los medios de comunicaci\u00f3n de cara a su promoci\u00f3n? Comparemos &#8230; <a title=\"El c\u00f3mic en los medios de comunicaci\u00f3n\" class=\"read-more\" href=\"https:\/\/manchacomic.es\/84ideas\/el-comic-en-los-medios-de-comunicacion\/\" aria-label=\"Leer m\u00e1s sobre El c\u00f3mic en los medios de comunicaci\u00f3n\">Leer m\u00e1s<\/a><\/p>\n","protected":false},"author":1,"featured_media":392,"comment_status":"closed","ping_status":"closed","sticky":false,"template":"","format":"standard","meta":{"om_disable_all_campaigns":false,"_uag_custom_page_level_css":"","_monsterinsights_skip_tracking":false,"_uf_show_specific_survey":0,"_uf_disable_surveys":false,"_jetpack_newsletter_access":"","_jetpack_dont_email_post_to_subs":false,"_jetpack_newsletter_tier_id":0,"_jetpack_memberships_contains_paywalled_content":false,"_jetpack_feature_clip_id":0,"_jetpack_memberships_contains_paid_content":false,"footnotes":"","jetpack_post_was_ever_published":false},"categories":[3],"tags":[],"class_list":["post-292","post","type-post","status-publish","format-standard","has-post-thumbnail","hentry","category-agenda"],"yoast_head":"<!-- This site is optimized with the Yoast SEO plugin v28.3 - https:\/\/yoast.com\/product\/yoast-seo-wordpress\/ -->\n<title>El c\u00f3mic en los medios de comunicaci\u00f3n - 84 Ideas<\/title>\n<meta name=\"description\" content=\"No te pierdas la mesa &quot;El c\u00f3mic en los medios de comunicaci\u00f3n.&quot; El lunes 21 de junio a las 17:30 en la plataforma Zoom.\" \/>\n<meta name=\"robots\" content=\"index, follow, max-snippet:-1, max-image-preview:large, max-video-preview:-1\" \/>\n<link rel=\"canonical\" href=\"https:\/\/manchacomic.es\/84ideas\/el-comic-en-los-medios-de-comunicacion\/\" \/>\n<meta property=\"og:locale\" content=\"es_ES\" \/>\n<meta property=\"og:type\" content=\"article\" \/>\n<meta property=\"og:title\" content=\"El c\u00f3mic en los medios de comunicaci\u00f3n - 84 Ideas\" \/>\n<meta property=\"og:description\" content=\"No te pierdas la mesa &quot;El c\u00f3mic en los medios de comunicaci\u00f3n.&quot; El lunes 21 de junio a las 17:30 en la plataforma Zoom.\" \/>\n<meta property=\"og:url\" content=\"https:\/\/manchacomic.es\/84ideas\/el-comic-en-los-medios-de-comunicacion\/\" \/>\n<meta property=\"og:site_name\" content=\"84 Ideas\" \/>\n<meta property=\"article:published_time\" content=\"2021-05-18T10:41:33+00:00\" \/>\n<meta property=\"article:modified_time\" content=\"2021-06-09T18:20:22+00:00\" \/>\n<meta property=\"og:image\" content=\"https:\/\/manchacomic.es\/84ideas\/wp-content\/uploads\/2021\/05\/El_comic_medios_comunicacion_84_ideas_2021-scaled.jpg\" \/>\n\t<meta property=\"og:image:width\" content=\"2560\" \/>\n\t<meta property=\"og:image:height\" content=\"1334\" \/>\n\t<meta property=\"og:image:type\" content=\"image\/jpeg\" \/>\n<meta name=\"author\" content=\"admin\" \/>\n<meta name=\"twitter:card\" content=\"summary_large_image\" \/>\n<meta name=\"twitter:image\" content=\"https:\/\/i0.wp.com\/manchacomic.es\/84ideas\/wp-content\/uploads\/2021\/05\/El_comic_medios_comunicacion_84_ideas_2021-scaled.jpg?fit=2560%2C1334&ssl=1\" \/>\n<meta name=\"twitter:label1\" content=\"Escrito por\" \/>\n\t<meta name=\"twitter:data1\" content=\"\" \/>\n\t<meta name=\"twitter:label2\" content=\"Tiempo de lectura\" \/>\n\t<meta name=\"twitter:data2\" content=\"2 minutos\" \/>\n<script type=\"application\/ld+json\" class=\"yoast-schema-graph\">{\"@context\":\"https:\\\/\\\/schema.org\",\"@graph\":[{\"@type\":\"Article\",\"@id\":\"https:\\\/\\\/manchacomic.es\\\/84ideas\\\/el-comic-en-los-medios-de-comunicacion\\\/#article\",\"isPartOf\":{\"@id\":\"https:\\\/\\\/manchacomic.es\\\/84ideas\\\/el-comic-en-los-medios-de-comunicacion\\\/\"},\"author\":{\"name\":\"admin\",\"@id\":\"https:\\\/\\\/manchacomic.es\\\/84ideas\\\/#\\\/schema\\\/person\\\/69820c7e731ce912c012c2a474b1578e\"},\"headline\":\"El c\u00f3mic en los medios de comunicaci\u00f3n\",\"datePublished\":\"2021-05-18T10:41:33+00:00\",\"dateModified\":\"2021-06-09T18:20:22+00:00\",\"mainEntityOfPage\":{\"@id\":\"https:\\\/\\\/manchacomic.es\\\/84ideas\\\/el-comic-en-los-medios-de-comunicacion\\\/\"},\"wordCount\":101,\"publisher\":{\"@id\":\"https:\\\/\\\/manchacomic.es\\\/84ideas\\\/#organization\"},\"image\":{\"@id\":\"https:\\\/\\\/manchacomic.es\\\/84ideas\\\/el-comic-en-los-medios-de-comunicacion\\\/#primaryimage\"},\"thumbnailUrl\":\"https:\\\/\\\/i0.wp.com\\\/manchacomic.es\\\/84ideas\\\/wp-content\\\/uploads\\\/2021\\\/05\\\/El_comic_medios_comunicacion_84_ideas_2021-scaled.jpg?fit=2560%2C1334&ssl=1\",\"articleSection\":[\"Agenda\"],\"inLanguage\":\"es\"},{\"@type\":\"WebPage\",\"@id\":\"https:\\\/\\\/manchacomic.es\\\/84ideas\\\/el-comic-en-los-medios-de-comunicacion\\\/\",\"url\":\"https:\\\/\\\/manchacomic.es\\\/84ideas\\\/el-comic-en-los-medios-de-comunicacion\\\/\",\"name\":\"El c\u00f3mic en los medios de comunicaci\u00f3n - 84 Ideas\",\"isPartOf\":{\"@id\":\"https:\\\/\\\/manchacomic.es\\\/84ideas\\\/#website\"},\"primaryImageOfPage\":{\"@id\":\"https:\\\/\\\/manchacomic.es\\\/84ideas\\\/el-comic-en-los-medios-de-comunicacion\\\/#primaryimage\"},\"image\":{\"@id\":\"https:\\\/\\\/manchacomic.es\\\/84ideas\\\/el-comic-en-los-medios-de-comunicacion\\\/#primaryimage\"},\"thumbnailUrl\":\"https:\\\/\\\/i0.wp.com\\\/manchacomic.es\\\/84ideas\\\/wp-content\\\/uploads\\\/2021\\\/05\\\/El_comic_medios_comunicacion_84_ideas_2021-scaled.jpg?fit=2560%2C1334&ssl=1\",\"datePublished\":\"2021-05-18T10:41:33+00:00\",\"dateModified\":\"2021-06-09T18:20:22+00:00\",\"description\":\"No te pierdas la mesa \\\"El c\u00f3mic en los medios de comunicaci\u00f3n.\\\" El lunes 21 de junio a las 17:30 en la plataforma Zoom.\",\"breadcrumb\":{\"@id\":\"https:\\\/\\\/manchacomic.es\\\/84ideas\\\/el-comic-en-los-medios-de-comunicacion\\\/#breadcrumb\"},\"inLanguage\":\"es\",\"potentialAction\":[{\"@type\":\"ReadAction\",\"target\":[\"https:\\\/\\\/manchacomic.es\\\/84ideas\\\/el-comic-en-los-medios-de-comunicacion\\\/\"]}]},{\"@type\":\"ImageObject\",\"inLanguage\":\"es\",\"@id\":\"https:\\\/\\\/manchacomic.es\\\/84ideas\\\/el-comic-en-los-medios-de-comunicacion\\\/#primaryimage\",\"url\":\"https:\\\/\\\/i0.wp.com\\\/manchacomic.es\\\/84ideas\\\/wp-content\\\/uploads\\\/2021\\\/05\\\/El_comic_medios_comunicacion_84_ideas_2021-scaled.jpg?fit=2560%2C1334&ssl=1\",\"contentUrl\":\"https:\\\/\\\/i0.wp.com\\\/manchacomic.es\\\/84ideas\\\/wp-content\\\/uploads\\\/2021\\\/05\\\/El_comic_medios_comunicacion_84_ideas_2021-scaled.jpg?fit=2560%2C1334&ssl=1\",\"width\":2560,\"height\":1334},{\"@type\":\"BreadcrumbList\",\"@id\":\"https:\\\/\\\/manchacomic.es\\\/84ideas\\\/el-comic-en-los-medios-de-comunicacion\\\/#breadcrumb\",\"itemListElement\":[{\"@type\":\"ListItem\",\"position\":1,\"name\":\"Home\",\"item\":\"https:\\\/\\\/manchacomic.es\\\/84ideas\\\/\"},{\"@type\":\"ListItem\",\"position\":2,\"name\":\"El c\u00f3mic en los medios de comunicaci\u00f3n\"}]},{\"@type\":\"WebSite\",\"@id\":\"https:\\\/\\\/manchacomic.es\\\/84ideas\\\/#website\",\"url\":\"https:\\\/\\\/manchacomic.es\\\/84ideas\\\/\",\"name\":\"84 Ideas\",\"description\":\"\",\"publisher\":{\"@id\":\"https:\\\/\\\/manchacomic.es\\\/84ideas\\\/#organization\"},\"potentialAction\":[{\"@type\":\"SearchAction\",\"target\":{\"@type\":\"EntryPoint\",\"urlTemplate\":\"https:\\\/\\\/manchacomic.es\\\/84ideas\\\/?s={search_term_string}\"},\"query-input\":{\"@type\":\"PropertyValueSpecification\",\"valueRequired\":true,\"valueName\":\"search_term_string\"}}],\"inLanguage\":\"es\"},{\"@type\":\"Organization\",\"@id\":\"https:\\\/\\\/manchacomic.es\\\/84ideas\\\/#organization\",\"name\":\"84 Ideas\",\"url\":\"https:\\\/\\\/manchacomic.es\\\/84ideas\\\/\",\"logo\":{\"@type\":\"ImageObject\",\"inLanguage\":\"es\",\"@id\":\"https:\\\/\\\/manchacomic.es\\\/84ideas\\\/#\\\/schema\\\/logo\\\/image\\\/\",\"url\":\"https:\\\/\\\/i0.wp.com\\\/manchacomic.es\\\/84ideas\\\/wp-content\\\/uploads\\\/2021\\\/04\\\/84_ideas_logo_version_A_png.png?fit=1818%2C484&ssl=1\",\"contentUrl\":\"https:\\\/\\\/i0.wp.com\\\/manchacomic.es\\\/84ideas\\\/wp-content\\\/uploads\\\/2021\\\/04\\\/84_ideas_logo_version_A_png.png?fit=1818%2C484&ssl=1\",\"width\":1818,\"height\":484,\"caption\":\"84 Ideas\"},\"image\":{\"@id\":\"https:\\\/\\\/manchacomic.es\\\/84ideas\\\/#\\\/schema\\\/logo\\\/image\\\/\"}},{\"@type\":\"Person\",\"@id\":\"https:\\\/\\\/manchacomic.es\\\/84ideas\\\/#\\\/schema\\\/person\\\/69820c7e731ce912c012c2a474b1578e\",\"name\":\"admin\",\"image\":{\"@type\":\"ImageObject\",\"inLanguage\":\"es\",\"@id\":\"https:\\\/\\\/secure.gravatar.com\\\/avatar\\\/09621751bd89c529615d319338460143e461ea9d149b365cdb222d1b07dad968?s=96&d=mm&r=g\",\"url\":\"https:\\\/\\\/secure.gravatar.com\\\/avatar\\\/09621751bd89c529615d319338460143e461ea9d149b365cdb222d1b07dad968?s=96&d=mm&r=g\",\"contentUrl\":\"https:\\\/\\\/secure.gravatar.com\\\/avatar\\\/09621751bd89c529615d319338460143e461ea9d149b365cdb222d1b07dad968?s=96&d=mm&r=g\",\"caption\":\"admin\"},\"sameAs\":[\"https:\\\/\\\/manchacomic.es\\\/84ideas\"],\"url\":\"https:\\\/\\\/manchacomic.es\\\/84ideas\\\/author\\\/otxentaykuatro\\\/\"}]}<\/script>\n<!-- \/ Yoast SEO plugin. -->","yoast_head_json":{"title":"El c\u00f3mic en los medios de comunicaci\u00f3n - 84 Ideas","description":"No te pierdas la mesa \"El c\u00f3mic en los medios de comunicaci\u00f3n.\" El lunes 21 de junio a las 17:30 en la plataforma Zoom.","robots":{"index":"index","follow":"follow","max-snippet":"max-snippet:-1","max-image-preview":"max-image-preview:large","max-video-preview":"max-video-preview:-1"},"canonical":"https:\/\/manchacomic.es\/84ideas\/el-comic-en-los-medios-de-comunicacion\/","og_locale":"es_ES","og_type":"article","og_title":"El c\u00f3mic en los medios de comunicaci\u00f3n - 84 Ideas","og_description":"No te pierdas la mesa \"El c\u00f3mic en los medios de comunicaci\u00f3n.\" El lunes 21 de junio a las 17:30 en la plataforma Zoom.","og_url":"https:\/\/manchacomic.es\/84ideas\/el-comic-en-los-medios-de-comunicacion\/","og_site_name":"84 Ideas","article_published_time":"2021-05-18T10:41:33+00:00","article_modified_time":"2021-06-09T18:20:22+00:00","og_image":[{"width":2560,"height":1334,"url":"https:\/\/manchacomic.es\/84ideas\/wp-content\/uploads\/2021\/05\/El_comic_medios_comunicacion_84_ideas_2021-scaled.jpg","type":"image\/jpeg"}],"author":"admin","twitter_card":"summary_large_image","twitter_image":"https:\/\/i0.wp.com\/manchacomic.es\/84ideas\/wp-content\/uploads\/2021\/05\/El_comic_medios_comunicacion_84_ideas_2021-scaled.jpg?fit=2560%2C1334&ssl=1","twitter_misc":{"Escrito por":false,"Tiempo de lectura":"2 minutos"},"schema":{"@context":"https:\/\/schema.org","@graph":[{"@type":"Article","@id":"https:\/\/manchacomic.es\/84ideas\/el-comic-en-los-medios-de-comunicacion\/#article","isPartOf":{"@id":"https:\/\/manchacomic.es\/84ideas\/el-comic-en-los-medios-de-comunicacion\/"},"author":{"name":"admin","@id":"https:\/\/manchacomic.es\/84ideas\/#\/schema\/person\/69820c7e731ce912c012c2a474b1578e"},"headline":"El c\u00f3mic en los medios de comunicaci\u00f3n","datePublished":"2021-05-18T10:41:33+00:00","dateModified":"2021-06-09T18:20:22+00:00","mainEntityOfPage":{"@id":"https:\/\/manchacomic.es\/84ideas\/el-comic-en-los-medios-de-comunicacion\/"},"wordCount":101,"publisher":{"@id":"https:\/\/manchacomic.es\/84ideas\/#organization"},"image":{"@id":"https:\/\/manchacomic.es\/84ideas\/el-comic-en-los-medios-de-comunicacion\/#primaryimage"},"thumbnailUrl":"https:\/\/i0.wp.com\/manchacomic.es\/84ideas\/wp-content\/uploads\/2021\/05\/El_comic_medios_comunicacion_84_ideas_2021-scaled.jpg?fit=2560%2C1334&ssl=1","articleSection":["Agenda"],"inLanguage":"es"},{"@type":"WebPage","@id":"https:\/\/manchacomic.es\/84ideas\/el-comic-en-los-medios-de-comunicacion\/","url":"https:\/\/manchacomic.es\/84ideas\/el-comic-en-los-medios-de-comunicacion\/","name":"El c\u00f3mic en los medios de comunicaci\u00f3n - 84 Ideas","isPartOf":{"@id":"https:\/\/manchacomic.es\/84ideas\/#website"},"primaryImageOfPage":{"@id":"https:\/\/manchacomic.es\/84ideas\/el-comic-en-los-medios-de-comunicacion\/#primaryimage"},"image":{"@id":"https:\/\/manchacomic.es\/84ideas\/el-comic-en-los-medios-de-comunicacion\/#primaryimage"},"thumbnailUrl":"https:\/\/i0.wp.com\/manchacomic.es\/84ideas\/wp-content\/uploads\/2021\/05\/El_comic_medios_comunicacion_84_ideas_2021-scaled.jpg?fit=2560%2C1334&ssl=1","datePublished":"2021-05-18T10:41:33+00:00","dateModified":"2021-06-09T18:20:22+00:00","description":"No te pierdas la mesa \"El c\u00f3mic en los medios de comunicaci\u00f3n.\" El lunes 21 de junio a las 17:30 en la plataforma Zoom.","breadcrumb":{"@id":"https:\/\/manchacomic.es\/84ideas\/el-comic-en-los-medios-de-comunicacion\/#breadcrumb"},"inLanguage":"es","potentialAction":[{"@type":"ReadAction","target":["https:\/\/manchacomic.es\/84ideas\/el-comic-en-los-medios-de-comunicacion\/"]}]},{"@type":"ImageObject","inLanguage":"es","@id":"https:\/\/manchacomic.es\/84ideas\/el-comic-en-los-medios-de-comunicacion\/#primaryimage","url":"https:\/\/i0.wp.com\/manchacomic.es\/84ideas\/wp-content\/uploads\/2021\/05\/El_comic_medios_comunicacion_84_ideas_2021-scaled.jpg?fit=2560%2C1334&ssl=1","contentUrl":"https:\/\/i0.wp.com\/manchacomic.es\/84ideas\/wp-content\/uploads\/2021\/05\/El_comic_medios_comunicacion_84_ideas_2021-scaled.jpg?fit=2560%2C1334&ssl=1","width":2560,"height":1334},{"@type":"BreadcrumbList","@id":"https:\/\/manchacomic.es\/84ideas\/el-comic-en-los-medios-de-comunicacion\/#breadcrumb","itemListElement":[{"@type":"ListItem","position":1,"name":"Home","item":"https:\/\/manchacomic.es\/84ideas\/"},{"@type":"ListItem","position":2,"name":"El c\u00f3mic en los medios de comunicaci\u00f3n"}]},{"@type":"WebSite","@id":"https:\/\/manchacomic.es\/84ideas\/#website","url":"https:\/\/manchacomic.es\/84ideas\/","name":"84 Ideas","description":"","publisher":{"@id":"https:\/\/manchacomic.es\/84ideas\/#organization"},"potentialAction":[{"@type":"SearchAction","target":{"@type":"EntryPoint","urlTemplate":"https:\/\/manchacomic.es\/84ideas\/?s={search_term_string}"},"query-input":{"@type":"PropertyValueSpecification","valueRequired":true,"valueName":"search_term_string"}}],"inLanguage":"es"},{"@type":"Organization","@id":"https:\/\/manchacomic.es\/84ideas\/#organization","name":"84 Ideas","url":"https:\/\/manchacomic.es\/84ideas\/","logo":{"@type":"ImageObject","inLanguage":"es","@id":"https:\/\/manchacomic.es\/84ideas\/#\/schema\/logo\/image\/","url":"https:\/\/i0.wp.com\/manchacomic.es\/84ideas\/wp-content\/uploads\/2021\/04\/84_ideas_logo_version_A_png.png?fit=1818%2C484&ssl=1","contentUrl":"https:\/\/i0.wp.com\/manchacomic.es\/84ideas\/wp-content\/uploads\/2021\/04\/84_ideas_logo_version_A_png.png?fit=1818%2C484&ssl=1","width":1818,"height":484,"caption":"84 Ideas"},"image":{"@id":"https:\/\/manchacomic.es\/84ideas\/#\/schema\/logo\/image\/"}},{"@type":"Person","@id":"https:\/\/manchacomic.es\/84ideas\/#\/schema\/person\/69820c7e731ce912c012c2a474b1578e","name":"admin","image":{"@type":"ImageObject","inLanguage":"es","@id":"https:\/\/secure.gravatar.com\/avatar\/09621751bd89c529615d319338460143e461ea9d149b365cdb222d1b07dad968?s=96&d=mm&r=g","url":"https:\/\/secure.gravatar.com\/avatar\/09621751bd89c529615d319338460143e461ea9d149b365cdb222d1b07dad968?s=96&d=mm&r=g","contentUrl":"https:\/\/secure.gravatar.com\/avatar\/09621751bd89c529615d319338460143e461ea9d149b365cdb222d1b07dad968?s=96&d=mm&r=g","caption":"admin"},"sameAs":["https:\/\/manchacomic.es\/84ideas"],"url":"https:\/\/manchacomic.es\/84ideas\/author\/otxentaykuatro\/"}]}},"uagb_featured_image_src":{"full":["https:\/\/i0.wp.com\/manchacomic.es\/84ideas\/wp-content\/uploads\/2021\/05\/El_comic_medios_comunicacion_84_ideas_2021-scaled.jpg?fit=2560%2C1334&ssl=1",2560,1334,false],"thumbnail":["https:\/\/i0.wp.com\/manchacomic.es\/84ideas\/wp-content\/uploads\/2021\/05\/El_comic_medios_comunicacion_84_ideas_2021-scaled.jpg?resize=150%2C150&ssl=1",150,150,true],"medium":["https:\/\/i0.wp.com\/manchacomic.es\/84ideas\/wp-content\/uploads\/2021\/05\/El_comic_medios_comunicacion_84_ideas_2021-scaled.jpg?fit=300%2C156&ssl=1",300,156,true],"medium_large":["https:\/\/i0.wp.com\/manchacomic.es\/84ideas\/wp-content\/uploads\/2021\/05\/El_comic_medios_comunicacion_84_ideas_2021-scaled.jpg?fit=768%2C400&ssl=1",768,400,true],"large":["https:\/\/i0.wp.com\/manchacomic.es\/84ideas\/wp-content\/uploads\/2021\/05\/El_comic_medios_comunicacion_84_ideas_2021-scaled.jpg?fit=1024%2C534&ssl=1",1024,534,true],"1536x1536":["https:\/\/i0.wp.com\/manchacomic.es\/84ideas\/wp-content\/uploads\/2021\/05\/El_comic_medios_comunicacion_84_ideas_2021-scaled.jpg?fit=1536%2C801&ssl=1",1536,801,true],"2048x2048":["https:\/\/i0.wp.com\/manchacomic.es\/84ideas\/wp-content\/uploads\/2021\/05\/El_comic_medios_comunicacion_84_ideas_2021-scaled.jpg?fit=2048%2C1067&ssl=1",2048,1067,true]},"uagb_author_info":{"display_name":false,"author_link":"https:\/\/manchacomic.es\/84ideas\/author\/otxentaykuatro\/"},"uagb_comment_info":0,"uagb_excerpt":"El c\u00f3mic en los medios de comunicaci\u00f3n Lunes, 21 de junio a las 17:30 h. Objetivo: Reflexionar sobre las siguientes preguntas. \u00bfAparece el noveno arte suficientemente en los medios de comunicaci\u00f3n culturales? \u00bfy en los generalistas? \u00bfQu\u00e9 importancia tiene la aparici\u00f3n de los comics en los medios de comunicaci\u00f3n de cara a su promoci\u00f3n? Comparemos&hellip;","jetpack_sharing_enabled":false,"jetpack_featured_media_url":"https:\/\/i0.wp.com\/manchacomic.es\/84ideas\/wp-content\/uploads\/2021\/05\/El_comic_medios_comunicacion_84_ideas_2021-scaled.jpg?fit=2560%2C1334&ssl=1","_links":{"self":[{"href":"https:\/\/manchacomic.es\/84ideas\/wp-json\/wp\/v2\/posts\/292","targetHints":{"allow":["GET"]}}],"collection":[{"href":"https:\/\/manchacomic.es\/84ideas\/wp-json\/wp\/v2\/posts"}],"about":[{"href":"https:\/\/manchacomic.es\/84ideas\/wp-json\/wp\/v2\/types\/post"}],"author":[{"embeddable":true,"href":"https:\/\/manchacomic.es\/84ideas\/wp-json\/wp\/v2\/users\/1"}],"replies":[{"embeddable":true,"href":"https:\/\/manchacomic.es\/84ideas\/wp-json\/wp\/v2\/comments?post=292"}],"version-history":[{"count":0,"href":"https:\/\/manchacomic.es\/84ideas\/wp-json\/wp\/v2\/posts\/292\/revisions"}],"wp:featuredmedia":[{"embeddable":true,"href":"https:\/\/manchacomic.es\/84ideas\/wp-json\/wp\/v2\/media\/392"}],"wp:attachment":[{"href":"https:\/\/manchacomic.es\/84ideas\/wp-json\/wp\/v2\/media?parent=292"}],"wp:term":[{"taxonomy":"category","embeddable":true,"href":"https:\/\/manchacomic.es\/84ideas\/wp-json\/wp\/v2\/categories?post=292"},{"taxonomy":"post_tag","embeddable":true,"href":"https:\/\/manchacomic.es\/84ideas\/wp-json\/wp\/v2\/tags?post=292"}],"curies":[{"name":"wp","href":"https:\/\/api.w.org\/{rel}","templated":true}]}}