{"id":2174,"date":"2023-02-02T12:29:30","date_gmt":"2023-02-02T12:29:30","guid":{"rendered":"https:\/\/manchacomic.es\/84ideas\/?p=2174"},"modified":"2023-02-18T09:09:03","modified_gmt":"2023-02-18T09:09:03","slug":"comercio-exterior-y-presencia-en-eventos-internacionales","status":"publish","type":"post","link":"https:\/\/manchacomic.es\/84ideas\/comercio-exterior-y-presencia-en-eventos-internacionales\/","title":{"rendered":"Comercio exterior y presencia en eventos internacionales"},"content":{"rendered":"\n<div style=\"height:20px\" aria-hidden=\"true\" class=\"wp-block-spacer\"><\/div>\n\n\n<div class=\"gb-button-wrapper gb-button-wrapper-61b1aac7\">\n\n<a class=\"gb-button gb-button-fda6170c gb-button-text\" href=\"https:\/\/www.youtube.com\/watch?v=kJK7Jof7hFQ\" target=\"_blank\" rel=\"noopener noreferrer\">VER EN YOUTUBE<\/a>\n\n<\/div>\n\n\n<p class=\"wp-block-paragraph\"><\/p>\n\n\n\n<h3 class=\"has-text-align-center wp-block-heading\"><strong><strong><strong><strong><strong><strong><strong><strong><strong><strong><strong><strong><strong><strong><strong>Comercio exterior y presencia en eventos internacionales<\/strong><\/strong><\/strong><\/strong><\/strong><\/strong><\/strong><\/strong><\/strong><\/strong><\/strong><\/strong><\/strong><\/strong><\/strong><\/h3>\n\n\n\n<p class=\"has-text-align-center wp-block-paragraph\">S\u00e1bado, 18 de febrero a las 12:00 h.<\/p>\n\n\n\n<p class=\"has-text-align-center wp-block-paragraph\"><strong>Objetivo<\/strong><\/p>\n\n\n\n<p class=\"has-text-align-center wp-block-paragraph\">En esta mesa se analizar\u00e1n f\u00f3rmulas para el fomento de la exportaci\u00f3n del libro espa\u00f1ol en mercados internaciones. Se debatir\u00e1 sobre la importancia de la participaci\u00f3n en ferias y eventos de promoci\u00f3n editorial internacionales y posibilidades de compra \/ venta de derechos para la publicaci\u00f3n de obras en mercados internacionales.<\/p>\n\n\n\n<p class=\"has-text-align-center wp-block-paragraph\"><strong>Ponentes<\/strong><\/p>\n\n\n\n<div class=\"wp-block-columns is-layout-flex wp-container-core-columns-is-layout-8f761849 wp-block-columns-is-layout-flex\">\n<div class=\"wp-block-column is-layout-flow wp-block-column-is-layout-flow\"><div class=\"wp-block-image\">\n<figure class=\"aligncenter size-full\"><a href=\"https:\/\/manchacomic.es\/84ideas\/nicolas-aponte\/\"><img data-recalc-dims=\"1\" loading=\"lazy\" decoding=\"async\" width=\"801\" height=\"942\" src=\"https:\/\/i0.wp.com\/manchacomic.es\/84ideas\/wp-content\/uploads\/2023\/02\/Nicolas_aponte_84_ideas.png?resize=801%2C942&#038;ssl=1\" alt=\"\" class=\"wp-image-2160\" srcset=\"https:\/\/i0.wp.com\/manchacomic.es\/84ideas\/wp-content\/uploads\/2023\/02\/Nicolas_aponte_84_ideas.png?w=801&amp;ssl=1 801w, https:\/\/i0.wp.com\/manchacomic.es\/84ideas\/wp-content\/uploads\/2023\/02\/Nicolas_aponte_84_ideas.png?resize=255%2C300&amp;ssl=1 255w, https:\/\/i0.wp.com\/manchacomic.es\/84ideas\/wp-content\/uploads\/2023\/02\/Nicolas_aponte_84_ideas.png?resize=768%2C903&amp;ssl=1 768w\" sizes=\"auto, (max-width: 801px) 100vw, 801px\" \/><\/a><\/figure>\n<\/div>\n\n\n<p class=\"has-text-align-center wp-block-paragraph\" style=\"font-size:18px\"><strong><strong><strong><strong><strong><strong>Nicol\u00e1s Aponte<\/strong><\/strong><\/strong><\/strong><\/strong><\/strong><\/p>\n\n\n\n<p class=\"has-text-align-center wp-block-paragraph\" style=\"font-size:15px\">C\u00e1mara de Comercio <br>de Ciudad Real<\/p>\n\n\n\n<p class=\"has-text-align-center wp-block-paragraph\" style=\"font-size:15px\"><a href=\"https:\/\/manchacomic.es\/84ideas\/nicolas-aponte\/\">+ Informaci\u00f3n<\/a><\/p>\n<\/div>\n\n\n\n<div class=\"wp-block-column is-layout-flow wp-block-column-is-layout-flow\"><div class=\"wp-block-image\">\n<figure class=\"aligncenter size-full\"><a href=\"https:\/\/manchacomic.es\/84ideas\/salvador-garzon\/\"><img data-recalc-dims=\"1\" loading=\"lazy\" decoding=\"async\" width=\"801\" height=\"942\" src=\"https:\/\/i0.wp.com\/manchacomic.es\/84ideas\/wp-content\/uploads\/2023\/02\/Salvador_garzon_84_ideas_bocadillo.png?resize=801%2C942&#038;ssl=1\" alt=\"\" class=\"wp-image-2167\" srcset=\"https:\/\/i0.wp.com\/manchacomic.es\/84ideas\/wp-content\/uploads\/2023\/02\/Salvador_garzon_84_ideas_bocadillo.png?w=801&amp;ssl=1 801w, https:\/\/i0.wp.com\/manchacomic.es\/84ideas\/wp-content\/uploads\/2023\/02\/Salvador_garzon_84_ideas_bocadillo.png?resize=255%2C300&amp;ssl=1 255w, https:\/\/i0.wp.com\/manchacomic.es\/84ideas\/wp-content\/uploads\/2023\/02\/Salvador_garzon_84_ideas_bocadillo.png?resize=768%2C903&amp;ssl=1 768w\" sizes=\"auto, (max-width: 801px) 100vw, 801px\" \/><\/a><\/figure>\n<\/div>\n\n\n<p class=\"has-text-align-center wp-block-paragraph\"><strong>Salvador Garz\u00f3n<\/strong><\/p>\n\n\n\n<p class=\"has-text-align-center wp-block-paragraph\" style=\"font-size:15px\">Director Diffuson Internationale<\/p>\n\n\n\n<p class=\"has-text-align-center wp-block-paragraph\" style=\"font-size:15px\"><a href=\"https:\/\/manchacomic.es\/84ideas\/salvador-garzon\/\">+ Informaci\u00f3n<\/a><\/p>\n<\/div>\n\n\n\n<div class=\"wp-block-column is-layout-flow wp-block-column-is-layout-flow\"><div class=\"wp-block-image\">\n<figure class=\"aligncenter size-full\"><a href=\"https:\/\/manchacomic.es\/84ideas\/yolanda-dib-cabello\/\"><img data-recalc-dims=\"1\" loading=\"lazy\" decoding=\"async\" width=\"801\" height=\"942\" src=\"https:\/\/i0.wp.com\/manchacomic.es\/84ideas\/wp-content\/uploads\/2023\/02\/Yolanda_dib_cabello_84_ideas_bocadillo.png?resize=801%2C942&#038;ssl=1\" alt=\"\" class=\"wp-image-2226\" srcset=\"https:\/\/i0.wp.com\/manchacomic.es\/84ideas\/wp-content\/uploads\/2023\/02\/Yolanda_dib_cabello_84_ideas_bocadillo.png?w=801&amp;ssl=1 801w, https:\/\/i0.wp.com\/manchacomic.es\/84ideas\/wp-content\/uploads\/2023\/02\/Yolanda_dib_cabello_84_ideas_bocadillo.png?resize=255%2C300&amp;ssl=1 255w, https:\/\/i0.wp.com\/manchacomic.es\/84ideas\/wp-content\/uploads\/2023\/02\/Yolanda_dib_cabello_84_ideas_bocadillo.png?resize=768%2C903&amp;ssl=1 768w\" sizes=\"auto, (max-width: 801px) 100vw, 801px\" \/><\/a><\/figure>\n<\/div>\n\n\n<p class=\"has-text-align-center wp-block-paragraph\"><strong>Yolanda Dib Cabello<\/strong><\/p>\n\n\n\n<p class=\"has-text-align-center wp-block-paragraph\" style=\"font-size:15px\">Grafito Editorial<\/p>\n\n\n\n<p class=\"has-text-align-center wp-block-paragraph\" style=\"font-size:15px\"><a href=\"https:\/\/manchacomic.es\/84ideas\/yolanda-dib-cabello\/\">+ Informaci\u00f3n<\/a><\/p>\n<\/div>\n\n\n\n<div class=\"wp-block-column is-layout-flow wp-block-column-is-layout-flow\">\n<figure class=\"wp-block-image size-full\"><a href=\"https:\/\/manchacomic.es\/84ideas\/gregorio-muro\/\"><img data-recalc-dims=\"1\" loading=\"lazy\" decoding=\"async\" width=\"801\" height=\"942\" src=\"https:\/\/i0.wp.com\/manchacomic.es\/84ideas\/wp-content\/uploads\/2023\/02\/Gregorio_muro_84_ideas_bocadillo_23-1.png?resize=801%2C942&#038;ssl=1\" alt=\"\" class=\"wp-image-2240\" srcset=\"https:\/\/i0.wp.com\/manchacomic.es\/84ideas\/wp-content\/uploads\/2023\/02\/Gregorio_muro_84_ideas_bocadillo_23-1.png?w=801&amp;ssl=1 801w, https:\/\/i0.wp.com\/manchacomic.es\/84ideas\/wp-content\/uploads\/2023\/02\/Gregorio_muro_84_ideas_bocadillo_23-1.png?resize=255%2C300&amp;ssl=1 255w, https:\/\/i0.wp.com\/manchacomic.es\/84ideas\/wp-content\/uploads\/2023\/02\/Gregorio_muro_84_ideas_bocadillo_23-1.png?resize=768%2C903&amp;ssl=1 768w\" sizes=\"auto, (max-width: 801px) 100vw, 801px\" \/><\/a><\/figure>\n\n\n\n<p class=\"has-text-align-center wp-block-paragraph\"><strong>Gregorio Muro<\/strong><\/p>\n\n\n\n<p class=\"has-text-align-center wp-block-paragraph\" style=\"font-size:15px\">Editorial Harriet<\/p>\n\n\n\n<p class=\"has-text-align-center wp-block-paragraph\" style=\"font-size:15px\"><a href=\"https:\/\/manchacomic.es\/84ideas\/gregorio-muro\/\">+ Informaci\u00f3n<\/a><\/p>\n<\/div>\n\n\n\n<div class=\"wp-block-column is-layout-flow wp-block-column-is-layout-flow\">\n<figure class=\"wp-block-image size-full\"><a href=\"https:\/\/manchacomic.es\/84ideas\/cristina-abelenda\/\"><img data-recalc-dims=\"1\" loading=\"lazy\" decoding=\"async\" width=\"801\" height=\"942\" src=\"https:\/\/i0.wp.com\/manchacomic.es\/84ideas\/wp-content\/uploads\/2023\/02\/Cristina-Abelenda_84_ideas_bocadillo.png?resize=801%2C942&#038;ssl=1\" alt=\"\" class=\"wp-image-2326\" srcset=\"https:\/\/i0.wp.com\/manchacomic.es\/84ideas\/wp-content\/uploads\/2023\/02\/Cristina-Abelenda_84_ideas_bocadillo.png?w=801&amp;ssl=1 801w, https:\/\/i0.wp.com\/manchacomic.es\/84ideas\/wp-content\/uploads\/2023\/02\/Cristina-Abelenda_84_ideas_bocadillo.png?resize=255%2C300&amp;ssl=1 255w, https:\/\/i0.wp.com\/manchacomic.es\/84ideas\/wp-content\/uploads\/2023\/02\/Cristina-Abelenda_84_ideas_bocadillo.png?resize=768%2C903&amp;ssl=1 768w\" sizes=\"auto, (max-width: 801px) 100vw, 801px\" \/><\/a><\/figure>\n\n\n\n<p class=\"has-text-align-center wp-block-paragraph\"><strong>Cristina Abelenda<\/strong><\/p>\n\n\n\n<p class=\"has-text-align-center wp-block-paragraph\" style=\"font-size:15px\">ICEX<\/p>\n\n\n\n<p class=\"has-text-align-center wp-block-paragraph\" style=\"font-size:15px\"><a href=\"https:\/\/manchacomic.es\/84ideas\/cristina-abelenda\/\">+ Informaci\u00f3n<\/a><\/p>\n<\/div>\n<\/div>\n\n\n\n<p class=\"wp-block-paragraph\"><\/p>\n","protected":false},"excerpt":{"rendered":"<p>Comercio exterior y presencia en eventos internacionales S\u00e1bado, 18 de febrero a las 12:00 h. Objetivo En esta mesa se analizar\u00e1n f\u00f3rmulas para el fomento de la exportaci\u00f3n del libro espa\u00f1ol en mercados internaciones. Se debatir\u00e1 sobre la importancia de la participaci\u00f3n en ferias y eventos de promoci\u00f3n editorial internacionales y posibilidades de compra \/ &#8230; <a title=\"Comercio exterior y presencia en eventos internacionales\" class=\"read-more\" href=\"https:\/\/manchacomic.es\/84ideas\/comercio-exterior-y-presencia-en-eventos-internacionales\/\" aria-label=\"Leer m\u00e1s sobre Comercio exterior y presencia en eventos internacionales\">Leer m\u00e1s<\/a><\/p>\n","protected":false},"author":1,"featured_media":2329,"comment_status":"closed","ping_status":"closed","sticky":false,"template":"","format":"standard","meta":{"om_disable_all_campaigns":false,"_uag_custom_page_level_css":"","_monsterinsights_skip_tracking":false,"_uf_show_specific_survey":0,"_uf_disable_surveys":false,"_jetpack_newsletter_access":"","_jetpack_dont_email_post_to_subs":false,"_jetpack_newsletter_tier_id":0,"_jetpack_memberships_contains_paywalled_content":false,"_jetpack_feature_clip_id":0,"_jetpack_memberships_contains_paid_content":false,"footnotes":"","jetpack_post_was_ever_published":false},"categories":[1],"tags":[],"class_list":["post-2174","post","type-post","status-publish","format-standard","has-post-thumbnail","hentry","category-blog"],"yoast_head":"<!-- This site is optimized with the Yoast SEO plugin v28.3 - https:\/\/yoast.com\/product\/yoast-seo-wordpress\/ -->\n<title>Comercio exterior y presencia en eventos internacionales - 84 Ideas<\/title>\n<meta name=\"description\" content=\"No te pierdas la mesa &quot;Comercio exterior y presencia en eventos internacionales&quot;, el s\u00e1bado 18 de febrero a las 12:30 h, en el Espacio Serendipia de C. Real.\" \/>\n<meta name=\"robots\" content=\"index, follow, max-snippet:-1, max-image-preview:large, max-video-preview:-1\" \/>\n<link rel=\"canonical\" href=\"https:\/\/manchacomic.es\/84ideas\/comercio-exterior-y-presencia-en-eventos-internacionales\/\" \/>\n<meta property=\"og:locale\" content=\"es_ES\" \/>\n<meta property=\"og:type\" content=\"article\" \/>\n<meta property=\"og:title\" content=\"Comercio exterior y presencia en eventos internacionales - 84 Ideas\" \/>\n<meta property=\"og:description\" content=\"No te pierdas la mesa &quot;Comercio exterior y presencia en eventos internacionales&quot;, el s\u00e1bado 18 de febrero a las 12:30 h, en el Espacio Serendipia de C. Real.\" \/>\n<meta property=\"og:url\" content=\"https:\/\/manchacomic.es\/84ideas\/comercio-exterior-y-presencia-en-eventos-internacionales\/\" \/>\n<meta property=\"og:site_name\" content=\"84 Ideas\" \/>\n<meta property=\"article:published_time\" content=\"2023-02-02T12:29:30+00:00\" \/>\n<meta property=\"article:modified_time\" content=\"2023-02-18T09:09:03+00:00\" \/>\n<meta property=\"og:image\" content=\"https:\/\/manchacomic.es\/84ideas\/wp-content\/uploads\/2023\/02\/Comercio_exterior_y_presencia_en_eventos_internacionales_84_ideas_2023_05-scaled.jpg\" \/>\n\t<meta property=\"og:image:width\" content=\"2560\" \/>\n\t<meta property=\"og:image:height\" content=\"1334\" \/>\n\t<meta property=\"og:image:type\" content=\"image\/jpeg\" \/>\n<meta name=\"author\" content=\"admin\" \/>\n<meta name=\"twitter:card\" content=\"summary_large_image\" \/>\n<meta name=\"twitter:image\" content=\"https:\/\/i0.wp.com\/manchacomic.es\/84ideas\/wp-content\/uploads\/2023\/02\/Comercio_exterior_y_presencia_en_eventos_internacionales_84_ideas_2023_05-scaled.jpg?fit=2560%2C1334&ssl=1\" \/>\n<meta name=\"twitter:label1\" content=\"Escrito por\" \/>\n\t<meta name=\"twitter:data1\" content=\"\" \/>\n\t<meta name=\"twitter:label2\" content=\"Tiempo de lectura\" \/>\n\t<meta name=\"twitter:data2\" content=\"2 minutos\" \/>\n<script type=\"application\/ld+json\" class=\"yoast-schema-graph\">{\"@context\":\"https:\\\/\\\/schema.org\",\"@graph\":[{\"@type\":\"Article\",\"@id\":\"https:\\\/\\\/manchacomic.es\\\/84ideas\\\/comercio-exterior-y-presencia-en-eventos-internacionales\\\/#article\",\"isPartOf\":{\"@id\":\"https:\\\/\\\/manchacomic.es\\\/84ideas\\\/comercio-exterior-y-presencia-en-eventos-internacionales\\\/\"},\"author\":{\"name\":\"admin\",\"@id\":\"https:\\\/\\\/manchacomic.es\\\/84ideas\\\/#\\\/schema\\\/person\\\/69820c7e731ce912c012c2a474b1578e\"},\"headline\":\"Comercio exterior y presencia en eventos internacionales\",\"datePublished\":\"2023-02-02T12:29:30+00:00\",\"dateModified\":\"2023-02-18T09:09:03+00:00\",\"mainEntityOfPage\":{\"@id\":\"https:\\\/\\\/manchacomic.es\\\/84ideas\\\/comercio-exterior-y-presencia-en-eventos-internacionales\\\/\"},\"wordCount\":120,\"publisher\":{\"@id\":\"https:\\\/\\\/manchacomic.es\\\/84ideas\\\/#organization\"},\"image\":{\"@id\":\"https:\\\/\\\/manchacomic.es\\\/84ideas\\\/comercio-exterior-y-presencia-en-eventos-internacionales\\\/#primaryimage\"},\"thumbnailUrl\":\"https:\\\/\\\/i0.wp.com\\\/manchacomic.es\\\/84ideas\\\/wp-content\\\/uploads\\\/2023\\\/02\\\/Comercio_exterior_y_presencia_en_eventos_internacionales_84_ideas_2023_05-scaled.jpg?fit=2560%2C1334&ssl=1\",\"articleSection\":[\"Blog\"],\"inLanguage\":\"es\"},{\"@type\":\"WebPage\",\"@id\":\"https:\\\/\\\/manchacomic.es\\\/84ideas\\\/comercio-exterior-y-presencia-en-eventos-internacionales\\\/\",\"url\":\"https:\\\/\\\/manchacomic.es\\\/84ideas\\\/comercio-exterior-y-presencia-en-eventos-internacionales\\\/\",\"name\":\"Comercio exterior y presencia en eventos internacionales - 84 Ideas\",\"isPartOf\":{\"@id\":\"https:\\\/\\\/manchacomic.es\\\/84ideas\\\/#website\"},\"primaryImageOfPage\":{\"@id\":\"https:\\\/\\\/manchacomic.es\\\/84ideas\\\/comercio-exterior-y-presencia-en-eventos-internacionales\\\/#primaryimage\"},\"image\":{\"@id\":\"https:\\\/\\\/manchacomic.es\\\/84ideas\\\/comercio-exterior-y-presencia-en-eventos-internacionales\\\/#primaryimage\"},\"thumbnailUrl\":\"https:\\\/\\\/i0.wp.com\\\/manchacomic.es\\\/84ideas\\\/wp-content\\\/uploads\\\/2023\\\/02\\\/Comercio_exterior_y_presencia_en_eventos_internacionales_84_ideas_2023_05-scaled.jpg?fit=2560%2C1334&ssl=1\",\"datePublished\":\"2023-02-02T12:29:30+00:00\",\"dateModified\":\"2023-02-18T09:09:03+00:00\",\"description\":\"No te pierdas la mesa \\\"Comercio exterior y presencia en eventos internacionales\\\", el s\u00e1bado 18 de febrero a las 12:30 h, en el Espacio Serendipia de C. Real.\",\"breadcrumb\":{\"@id\":\"https:\\\/\\\/manchacomic.es\\\/84ideas\\\/comercio-exterior-y-presencia-en-eventos-internacionales\\\/#breadcrumb\"},\"inLanguage\":\"es\",\"potentialAction\":[{\"@type\":\"ReadAction\",\"target\":[\"https:\\\/\\\/manchacomic.es\\\/84ideas\\\/comercio-exterior-y-presencia-en-eventos-internacionales\\\/\"]}]},{\"@type\":\"ImageObject\",\"inLanguage\":\"es\",\"@id\":\"https:\\\/\\\/manchacomic.es\\\/84ideas\\\/comercio-exterior-y-presencia-en-eventos-internacionales\\\/#primaryimage\",\"url\":\"https:\\\/\\\/i0.wp.com\\\/manchacomic.es\\\/84ideas\\\/wp-content\\\/uploads\\\/2023\\\/02\\\/Comercio_exterior_y_presencia_en_eventos_internacionales_84_ideas_2023_05-scaled.jpg?fit=2560%2C1334&ssl=1\",\"contentUrl\":\"https:\\\/\\\/i0.wp.com\\\/manchacomic.es\\\/84ideas\\\/wp-content\\\/uploads\\\/2023\\\/02\\\/Comercio_exterior_y_presencia_en_eventos_internacionales_84_ideas_2023_05-scaled.jpg?fit=2560%2C1334&ssl=1\",\"width\":2560,\"height\":1334},{\"@type\":\"BreadcrumbList\",\"@id\":\"https:\\\/\\\/manchacomic.es\\\/84ideas\\\/comercio-exterior-y-presencia-en-eventos-internacionales\\\/#breadcrumb\",\"itemListElement\":[{\"@type\":\"ListItem\",\"position\":1,\"name\":\"Home\",\"item\":\"https:\\\/\\\/manchacomic.es\\\/84ideas\\\/\"},{\"@type\":\"ListItem\",\"position\":2,\"name\":\"Comercio exterior y presencia en eventos internacionales\"}]},{\"@type\":\"WebSite\",\"@id\":\"https:\\\/\\\/manchacomic.es\\\/84ideas\\\/#website\",\"url\":\"https:\\\/\\\/manchacomic.es\\\/84ideas\\\/\",\"name\":\"84 Ideas\",\"description\":\"\",\"publisher\":{\"@id\":\"https:\\\/\\\/manchacomic.es\\\/84ideas\\\/#organization\"},\"potentialAction\":[{\"@type\":\"SearchAction\",\"target\":{\"@type\":\"EntryPoint\",\"urlTemplate\":\"https:\\\/\\\/manchacomic.es\\\/84ideas\\\/?s={search_term_string}\"},\"query-input\":{\"@type\":\"PropertyValueSpecification\",\"valueRequired\":true,\"valueName\":\"search_term_string\"}}],\"inLanguage\":\"es\"},{\"@type\":\"Organization\",\"@id\":\"https:\\\/\\\/manchacomic.es\\\/84ideas\\\/#organization\",\"name\":\"84 Ideas\",\"url\":\"https:\\\/\\\/manchacomic.es\\\/84ideas\\\/\",\"logo\":{\"@type\":\"ImageObject\",\"inLanguage\":\"es\",\"@id\":\"https:\\\/\\\/manchacomic.es\\\/84ideas\\\/#\\\/schema\\\/logo\\\/image\\\/\",\"url\":\"https:\\\/\\\/i0.wp.com\\\/manchacomic.es\\\/84ideas\\\/wp-content\\\/uploads\\\/2021\\\/04\\\/84_ideas_logo_version_A_png.png?fit=1818%2C484&ssl=1\",\"contentUrl\":\"https:\\\/\\\/i0.wp.com\\\/manchacomic.es\\\/84ideas\\\/wp-content\\\/uploads\\\/2021\\\/04\\\/84_ideas_logo_version_A_png.png?fit=1818%2C484&ssl=1\",\"width\":1818,\"height\":484,\"caption\":\"84 Ideas\"},\"image\":{\"@id\":\"https:\\\/\\\/manchacomic.es\\\/84ideas\\\/#\\\/schema\\\/logo\\\/image\\\/\"}},{\"@type\":\"Person\",\"@id\":\"https:\\\/\\\/manchacomic.es\\\/84ideas\\\/#\\\/schema\\\/person\\\/69820c7e731ce912c012c2a474b1578e\",\"name\":\"admin\",\"image\":{\"@type\":\"ImageObject\",\"inLanguage\":\"es\",\"@id\":\"https:\\\/\\\/secure.gravatar.com\\\/avatar\\\/09621751bd89c529615d319338460143e461ea9d149b365cdb222d1b07dad968?s=96&d=mm&r=g\",\"url\":\"https:\\\/\\\/secure.gravatar.com\\\/avatar\\\/09621751bd89c529615d319338460143e461ea9d149b365cdb222d1b07dad968?s=96&d=mm&r=g\",\"contentUrl\":\"https:\\\/\\\/secure.gravatar.com\\\/avatar\\\/09621751bd89c529615d319338460143e461ea9d149b365cdb222d1b07dad968?s=96&d=mm&r=g\",\"caption\":\"admin\"},\"sameAs\":[\"https:\\\/\\\/manchacomic.es\\\/84ideas\"],\"url\":\"https:\\\/\\\/manchacomic.es\\\/84ideas\\\/author\\\/otxentaykuatro\\\/\"}]}<\/script>\n<!-- \/ Yoast SEO plugin. -->","yoast_head_json":{"title":"Comercio exterior y presencia en eventos internacionales - 84 Ideas","description":"No te pierdas la mesa \"Comercio exterior y presencia en eventos internacionales\", el s\u00e1bado 18 de febrero a las 12:30 h, en el Espacio Serendipia de C. Real.","robots":{"index":"index","follow":"follow","max-snippet":"max-snippet:-1","max-image-preview":"max-image-preview:large","max-video-preview":"max-video-preview:-1"},"canonical":"https:\/\/manchacomic.es\/84ideas\/comercio-exterior-y-presencia-en-eventos-internacionales\/","og_locale":"es_ES","og_type":"article","og_title":"Comercio exterior y presencia en eventos internacionales - 84 Ideas","og_description":"No te pierdas la mesa \"Comercio exterior y presencia en eventos internacionales\", el s\u00e1bado 18 de febrero a las 12:30 h, en el Espacio Serendipia de C. Real.","og_url":"https:\/\/manchacomic.es\/84ideas\/comercio-exterior-y-presencia-en-eventos-internacionales\/","og_site_name":"84 Ideas","article_published_time":"2023-02-02T12:29:30+00:00","article_modified_time":"2023-02-18T09:09:03+00:00","og_image":[{"width":2560,"height":1334,"url":"https:\/\/manchacomic.es\/84ideas\/wp-content\/uploads\/2023\/02\/Comercio_exterior_y_presencia_en_eventos_internacionales_84_ideas_2023_05-scaled.jpg","type":"image\/jpeg"}],"author":"admin","twitter_card":"summary_large_image","twitter_image":"https:\/\/i0.wp.com\/manchacomic.es\/84ideas\/wp-content\/uploads\/2023\/02\/Comercio_exterior_y_presencia_en_eventos_internacionales_84_ideas_2023_05-scaled.jpg?fit=2560%2C1334&ssl=1","twitter_misc":{"Escrito por":false,"Tiempo de lectura":"2 minutos"},"schema":{"@context":"https:\/\/schema.org","@graph":[{"@type":"Article","@id":"https:\/\/manchacomic.es\/84ideas\/comercio-exterior-y-presencia-en-eventos-internacionales\/#article","isPartOf":{"@id":"https:\/\/manchacomic.es\/84ideas\/comercio-exterior-y-presencia-en-eventos-internacionales\/"},"author":{"name":"admin","@id":"https:\/\/manchacomic.es\/84ideas\/#\/schema\/person\/69820c7e731ce912c012c2a474b1578e"},"headline":"Comercio exterior y presencia en eventos internacionales","datePublished":"2023-02-02T12:29:30+00:00","dateModified":"2023-02-18T09:09:03+00:00","mainEntityOfPage":{"@id":"https:\/\/manchacomic.es\/84ideas\/comercio-exterior-y-presencia-en-eventos-internacionales\/"},"wordCount":120,"publisher":{"@id":"https:\/\/manchacomic.es\/84ideas\/#organization"},"image":{"@id":"https:\/\/manchacomic.es\/84ideas\/comercio-exterior-y-presencia-en-eventos-internacionales\/#primaryimage"},"thumbnailUrl":"https:\/\/i0.wp.com\/manchacomic.es\/84ideas\/wp-content\/uploads\/2023\/02\/Comercio_exterior_y_presencia_en_eventos_internacionales_84_ideas_2023_05-scaled.jpg?fit=2560%2C1334&ssl=1","articleSection":["Blog"],"inLanguage":"es"},{"@type":"WebPage","@id":"https:\/\/manchacomic.es\/84ideas\/comercio-exterior-y-presencia-en-eventos-internacionales\/","url":"https:\/\/manchacomic.es\/84ideas\/comercio-exterior-y-presencia-en-eventos-internacionales\/","name":"Comercio exterior y presencia en eventos internacionales - 84 Ideas","isPartOf":{"@id":"https:\/\/manchacomic.es\/84ideas\/#website"},"primaryImageOfPage":{"@id":"https:\/\/manchacomic.es\/84ideas\/comercio-exterior-y-presencia-en-eventos-internacionales\/#primaryimage"},"image":{"@id":"https:\/\/manchacomic.es\/84ideas\/comercio-exterior-y-presencia-en-eventos-internacionales\/#primaryimage"},"thumbnailUrl":"https:\/\/i0.wp.com\/manchacomic.es\/84ideas\/wp-content\/uploads\/2023\/02\/Comercio_exterior_y_presencia_en_eventos_internacionales_84_ideas_2023_05-scaled.jpg?fit=2560%2C1334&ssl=1","datePublished":"2023-02-02T12:29:30+00:00","dateModified":"2023-02-18T09:09:03+00:00","description":"No te pierdas la mesa \"Comercio exterior y presencia en eventos internacionales\", el s\u00e1bado 18 de febrero a las 12:30 h, en el Espacio Serendipia de C. Real.","breadcrumb":{"@id":"https:\/\/manchacomic.es\/84ideas\/comercio-exterior-y-presencia-en-eventos-internacionales\/#breadcrumb"},"inLanguage":"es","potentialAction":[{"@type":"ReadAction","target":["https:\/\/manchacomic.es\/84ideas\/comercio-exterior-y-presencia-en-eventos-internacionales\/"]}]},{"@type":"ImageObject","inLanguage":"es","@id":"https:\/\/manchacomic.es\/84ideas\/comercio-exterior-y-presencia-en-eventos-internacionales\/#primaryimage","url":"https:\/\/i0.wp.com\/manchacomic.es\/84ideas\/wp-content\/uploads\/2023\/02\/Comercio_exterior_y_presencia_en_eventos_internacionales_84_ideas_2023_05-scaled.jpg?fit=2560%2C1334&ssl=1","contentUrl":"https:\/\/i0.wp.com\/manchacomic.es\/84ideas\/wp-content\/uploads\/2023\/02\/Comercio_exterior_y_presencia_en_eventos_internacionales_84_ideas_2023_05-scaled.jpg?fit=2560%2C1334&ssl=1","width":2560,"height":1334},{"@type":"BreadcrumbList","@id":"https:\/\/manchacomic.es\/84ideas\/comercio-exterior-y-presencia-en-eventos-internacionales\/#breadcrumb","itemListElement":[{"@type":"ListItem","position":1,"name":"Home","item":"https:\/\/manchacomic.es\/84ideas\/"},{"@type":"ListItem","position":2,"name":"Comercio exterior y presencia en eventos internacionales"}]},{"@type":"WebSite","@id":"https:\/\/manchacomic.es\/84ideas\/#website","url":"https:\/\/manchacomic.es\/84ideas\/","name":"84 Ideas","description":"","publisher":{"@id":"https:\/\/manchacomic.es\/84ideas\/#organization"},"potentialAction":[{"@type":"SearchAction","target":{"@type":"EntryPoint","urlTemplate":"https:\/\/manchacomic.es\/84ideas\/?s={search_term_string}"},"query-input":{"@type":"PropertyValueSpecification","valueRequired":true,"valueName":"search_term_string"}}],"inLanguage":"es"},{"@type":"Organization","@id":"https:\/\/manchacomic.es\/84ideas\/#organization","name":"84 Ideas","url":"https:\/\/manchacomic.es\/84ideas\/","logo":{"@type":"ImageObject","inLanguage":"es","@id":"https:\/\/manchacomic.es\/84ideas\/#\/schema\/logo\/image\/","url":"https:\/\/i0.wp.com\/manchacomic.es\/84ideas\/wp-content\/uploads\/2021\/04\/84_ideas_logo_version_A_png.png?fit=1818%2C484&ssl=1","contentUrl":"https:\/\/i0.wp.com\/manchacomic.es\/84ideas\/wp-content\/uploads\/2021\/04\/84_ideas_logo_version_A_png.png?fit=1818%2C484&ssl=1","width":1818,"height":484,"caption":"84 Ideas"},"image":{"@id":"https:\/\/manchacomic.es\/84ideas\/#\/schema\/logo\/image\/"}},{"@type":"Person","@id":"https:\/\/manchacomic.es\/84ideas\/#\/schema\/person\/69820c7e731ce912c012c2a474b1578e","name":"admin","image":{"@type":"ImageObject","inLanguage":"es","@id":"https:\/\/secure.gravatar.com\/avatar\/09621751bd89c529615d319338460143e461ea9d149b365cdb222d1b07dad968?s=96&d=mm&r=g","url":"https:\/\/secure.gravatar.com\/avatar\/09621751bd89c529615d319338460143e461ea9d149b365cdb222d1b07dad968?s=96&d=mm&r=g","contentUrl":"https:\/\/secure.gravatar.com\/avatar\/09621751bd89c529615d319338460143e461ea9d149b365cdb222d1b07dad968?s=96&d=mm&r=g","caption":"admin"},"sameAs":["https:\/\/manchacomic.es\/84ideas"],"url":"https:\/\/manchacomic.es\/84ideas\/author\/otxentaykuatro\/"}]}},"uagb_featured_image_src":{"full":["https:\/\/i0.wp.com\/manchacomic.es\/84ideas\/wp-content\/uploads\/2023\/02\/Comercio_exterior_y_presencia_en_eventos_internacionales_84_ideas_2023_05-scaled.jpg?fit=2560%2C1334&ssl=1",2560,1334,false],"thumbnail":["https:\/\/i0.wp.com\/manchacomic.es\/84ideas\/wp-content\/uploads\/2023\/02\/Comercio_exterior_y_presencia_en_eventos_internacionales_84_ideas_2023_05-scaled.jpg?resize=150%2C150&ssl=1",150,150,true],"medium":["https:\/\/i0.wp.com\/manchacomic.es\/84ideas\/wp-content\/uploads\/2023\/02\/Comercio_exterior_y_presencia_en_eventos_internacionales_84_ideas_2023_05-scaled.jpg?fit=300%2C156&ssl=1",300,156,true],"medium_large":["https:\/\/i0.wp.com\/manchacomic.es\/84ideas\/wp-content\/uploads\/2023\/02\/Comercio_exterior_y_presencia_en_eventos_internacionales_84_ideas_2023_05-scaled.jpg?fit=768%2C400&ssl=1",768,400,true],"large":["https:\/\/i0.wp.com\/manchacomic.es\/84ideas\/wp-content\/uploads\/2023\/02\/Comercio_exterior_y_presencia_en_eventos_internacionales_84_ideas_2023_05-scaled.jpg?fit=1024%2C534&ssl=1",1024,534,true],"1536x1536":["https:\/\/i0.wp.com\/manchacomic.es\/84ideas\/wp-content\/uploads\/2023\/02\/Comercio_exterior_y_presencia_en_eventos_internacionales_84_ideas_2023_05-scaled.jpg?fit=1536%2C801&ssl=1",1536,801,true],"2048x2048":["https:\/\/i0.wp.com\/manchacomic.es\/84ideas\/wp-content\/uploads\/2023\/02\/Comercio_exterior_y_presencia_en_eventos_internacionales_84_ideas_2023_05-scaled.jpg?fit=2048%2C1067&ssl=1",2048,1067,true]},"uagb_author_info":{"display_name":false,"author_link":"https:\/\/manchacomic.es\/84ideas\/author\/otxentaykuatro\/"},"uagb_comment_info":0,"uagb_excerpt":"Comercio exterior y presencia en eventos internacionales S\u00e1bado, 18 de febrero a las 12:00 h. Objetivo En esta mesa se analizar\u00e1n f\u00f3rmulas para el fomento de la exportaci\u00f3n del libro espa\u00f1ol en mercados internaciones. Se debatir\u00e1 sobre la importancia de la participaci\u00f3n en ferias y eventos de promoci\u00f3n editorial internacionales y posibilidades de compra \/&hellip;","jetpack_sharing_enabled":false,"jetpack_featured_media_url":"https:\/\/i0.wp.com\/manchacomic.es\/84ideas\/wp-content\/uploads\/2023\/02\/Comercio_exterior_y_presencia_en_eventos_internacionales_84_ideas_2023_05-scaled.jpg?fit=2560%2C1334&ssl=1","_links":{"self":[{"href":"https:\/\/manchacomic.es\/84ideas\/wp-json\/wp\/v2\/posts\/2174","targetHints":{"allow":["GET"]}}],"collection":[{"href":"https:\/\/manchacomic.es\/84ideas\/wp-json\/wp\/v2\/posts"}],"about":[{"href":"https:\/\/manchacomic.es\/84ideas\/wp-json\/wp\/v2\/types\/post"}],"author":[{"embeddable":true,"href":"https:\/\/manchacomic.es\/84ideas\/wp-json\/wp\/v2\/users\/1"}],"replies":[{"embeddable":true,"href":"https:\/\/manchacomic.es\/84ideas\/wp-json\/wp\/v2\/comments?post=2174"}],"version-history":[{"count":0,"href":"https:\/\/manchacomic.es\/84ideas\/wp-json\/wp\/v2\/posts\/2174\/revisions"}],"wp:featuredmedia":[{"embeddable":true,"href":"https:\/\/manchacomic.es\/84ideas\/wp-json\/wp\/v2\/media\/2329"}],"wp:attachment":[{"href":"https:\/\/manchacomic.es\/84ideas\/wp-json\/wp\/v2\/media?parent=2174"}],"wp:term":[{"taxonomy":"category","embeddable":true,"href":"https:\/\/manchacomic.es\/84ideas\/wp-json\/wp\/v2\/categories?post=2174"},{"taxonomy":"post_tag","embeddable":true,"href":"https:\/\/manchacomic.es\/84ideas\/wp-json\/wp\/v2\/tags?post=2174"}],"curies":[{"name":"wp","href":"https:\/\/api.w.org\/{rel}","templated":true}]}}